{"id":32291,"date":"2019-01-01T10:16:08","date_gmt":"2019-01-01T09:16:08","guid":{"rendered":"https:\/\/www.formentera.es\/formentera-en-verano\/"},"modified":"2026-02-03T10:25:28","modified_gmt":"2026-02-03T09:25:28","slug":"formentera-em-verao","status":"publish","type":"post","link":"https:\/\/www.formentera.es\/pt\/formentera-em-verao\/","title":{"rendered":"Formentera em ver\u00e3o"},"content":{"rendered":"<div class=\"wpb-content-wrapper\"><p>[vc_row css=&#8221;.vc_custom_1553860347916{margin-right: 0px !important;margin-left: 0px !important;}&#8221;][vc_column width=&#8221;2\/3&#8243;][vc_column_text css=&#8221;&#8221;]Este ver\u00e3o, em Formentera, encontrar\u00e1s praias de areia fina com \u00e1guas de um azul carater\u00edstico que te apaixonar\u00e1 \u00e0 primeira vista. Tamb\u00e9m encontrar\u00e1 lugares maravilhosos para se desconectar, dois far\u00f3is m\u00e1gicos, natureza mediterr\u00e2nica selvagem&#8230; Se, para al\u00e9m de desfrutar da natureza, lhe apetece desfrutar da cultura ou do desporto, h\u00e1 muitos eventos que lhe interessam conhecer.<\/p>\n<p><strong>Mercados de arte e artesanato:<\/strong><\/p>\n<ul>\n<li>Segundas-feiras no porto: Segundas-feiras \u00e0s 22h00 no Paseo de la Marina em La Savina.<\/li>\n<li>Ter\u00e7a-feira em La Mola: Ter\u00e7a-feira \u00e0s 22h00 na Plaza de la Iglesia del Pilar em La Mola.<\/li>\n<li>World Music: Quinta-feira \u00e0s 22:30h na Plaza de Europa em Es Pujols.<\/li>\n<li>M\u00fasica ao vivo: sexta-feira, \u00e0s 22h00, na pra\u00e7a da igreja de Sant Ferran de Ses Roques.<\/li>\n<li>Jazz na pra\u00e7a: S\u00e1bado \u00e0s 22h00 na Plaza de la Constituci\u00f3n em San Francesc Xavier.<\/li>\n<\/ul>\n<p><strong>Mercados de arte y artesan\u00eda<\/strong><\/p>\n<ul>\n<li>Mercado Artesanal de La Mola: quartas-feiras e domingos das 16:00 \u00e0s 22:00 h no Pilar de la Mola.<\/li>\n<li>Mercado de Sant Francesc: de segunda a domingo das 10:00 \u00e0s 14:00 h. Segunda e ter\u00e7a-feira (julho e agosto) tamb\u00e9m das 20:00 \u00e0s 00:00 h.<\/li>\n<li>Mercado de Artesanato de San Fernando: quintas, sextas e s\u00e1bados das 20.00 \u00e0s 00:00 h.<\/li>\n<li>Mercado de Arte de San Fernando: quintas, sextas e s\u00e1bados das 20.00 \u00e0s 00:00 h.<\/li>\n<li>Mercado de La Savina: de segunda a domingo, das 10:00 \u00e0 01:00 h.<\/li>\n<li>Mercado Es Pujols : de segunda a domingo das 19:00 \u00e0s 00:00 h.<\/li>\n<li>Mercado de segunda m\u00e3o: ter\u00e7as-feiras e domingos, das 11:00 \u00e0s 14:00 horas, durante todo o ano, no Jardim de Ses Eres, em Sant Francesc.<\/li>\n<\/ul>\n<p><strong>Cinema \u201cao ar livre\u201d (a partir de julho):<\/strong><\/p>\n<ul>\n<li>Ter\u00e7a-feira, em Sant Francesc, \u00e0s 22 horas, no jardim de Ses Eres.<\/li>\n<li>Quinta-feira em Sant Ferran \u00e0s 22.00 h na Pra\u00e7a da Igreja.<\/li>\n<li>Sexta-feira, em Pilar de la Mola, \u00e0s 22 horas, na Casa del Poble.<\/li>\n<\/ul>\n<p><strong>Festas populares e eventos especiais:<\/strong><\/p>\n<ul>\n<li>Dia de Carmen: 16 de julho<\/li>\n<li>Sant Jaume: 25 de julho<\/li>\n<li>Santa Maria: 5 de agosto<\/li>\n<\/ul>\n<p><strong>E tamb\u00e9m&#8230;<\/strong><\/p>\n<ul>\n<li>Agenda completa com todos os eventos: <a href=\"https:\/\/www.formentera.es\/agenda\/\">https:\/\/www.formentera.es\/agenda\/<\/a><\/li>\n<li>Estado das praias: Se quiser saber o estado das praias (bandeiras e medusas) a partir das 11h30: <a href=\"http:\/\/www.platgesdebalears.com\/caplaibFront\/portada_isla.es.jsp?cIsl=FO\">http:\/\/www.platgesdebalears.com\/caplaibFront\/portada_isla.es.jsp?cIsl=FO<\/a><\/li>\n<li>Informa\u00e7\u00f5es tur\u00edsticas diretas via Whastapp, de segunda a sexta-feira das 8.00 \u00e0s 15.00 h. Adicione o nosso n\u00famero aos seus contactos e contacte-nos: +34 607 11 17 16<\/li>\n<li>Guia de praia e cat\u00e1logos de rotas verdes: <a href=\"https:\/\/www.formentera.es\/pt\/planifica\/folhetos-mapas-e-guias\/\">https:\/\/www.formentera.es\/planifica\/folletos-mapas-y-guias\/<\/a><\/li>\n<\/ul>\n<p>[\/vc_column_text][\/vc_column][vc_column width=&#8221;1\/3&#8243;][vc_column_text]<div id=\"sidebar_ficha\"><div class=\"spost\"><div class=\"tag\">Ver\u00e3o<\/div><\/div><div class=\"bloc_share\"><div class=\"tit_medium\">Compartilhar<\/div><div class=\"redes_ficha\"><div class=\"fa fa fa-brands fa-x-twitter st-custom-button\" data-network=\"twitter\"><\/div><div class=\"fa fa-facebook st-custom-button\" data-network=\"facebook\"><\/div><div class=\"fa fa-pinterest-p st-custom-button\" data-network=\"pinterest\"><\/div><\/div><div class=\"tit_medium\">Enviar para um amigo<\/div><div class=\"redes_ficha\"><div class=\"fa fa-envelope st-custom-button\" data-network=\"email\"><\/div><div class=\"fa fa-whatsapp st-custom-button\" data-network=\"whatsapp\"><\/div><\/div><\/div><\/div>[\/vc_column_text][\/vc_column][\/vc_row][vc_row full_width=&#8221;stretch_row_content_no_spaces&#8221;][vc_column][vc_column_text]<style>#jtg-7108 .modula-item .jtg-social a, .lightbox-socials.jtg-social a{ fill: #ffffff; color: #ffffff }#jtg-7108 .modula-item .jtg-social-mobile a{ fill: #ffffff; color: #ffffff }#jtg-7108 .modula-item .jtg-social svg, .lightbox-socials.jtg-social svg { height: 16px; width: 16px }#jtg-7108 .modula-item .jtg-social-mobile svg { height: 16px; width: 16px }#jtg-7108 .modula-item .jtg-social a:not(:last-child), .lightbox-socials.jtg-social a:not(:last-child) { margin-right: 10px }#jtg-7108 .modula-item .jtg-social-mobile .jtg-social-mobile-icons a:not(:last-child){ margin-right: 10px }#jtg-7108 .modula-item .figc {color:#ffffff;}#jtg-7108 .modula-item .modula-item-content { transform: scale(1) }#jtg-7108 .modula-items .figc p.description { font-size:14px; }#jtg-7108 .modula-items .figc p.description { color:#ffffff;}#jtg-7108.modula-gallery .modula-item > a, #jtg-7108.modula-gallery .modula-item, #jtg-7108.modula-gallery .modula-item-content > a:not(.modula-no-follow) { cursor:zoom-in; } #jtg-7108.modula-gallery .modula-item-content .modula-no-follow { cursor: default; } #jtg-7108 .modula-item { background-color:#000000; }#jtg-7108 .modula-item:hover img { opacity: 0.5; }#jtg-7108 .modula-item { transform: scale(1) translate(0px,0px) rotate(0deg); }@media screen and (max-width:480px){#jtg-7108 .modula-item .figc .jtg-title {  font-size: 12px; }#jtg-7108 .modula-items .figc p.description { color:#ffffff;font-size:10px; }}<\/style>\n<div  id=\"jtg-7108\" class=\"modula modula-gallery modula-custom-grid\" data-config=\"{&quot;height&quot;:800,&quot;tabletHeight&quot;:800,&quot;mobileHeight&quot;:800,&quot;desktopHeight&quot;:800,&quot;enableTwitter&quot;:false,&quot;enableWhatsapp&quot;:false,&quot;enableFacebook&quot;:false,&quot;enablePinterest&quot;:false,&quot;enableLinkedin&quot;:false,&quot;enableEmail&quot;:false,&quot;randomFactor&quot;:0.5,&quot;type&quot;:&quot;custom-grid&quot;,&quot;columns&quot;:12,&quot;gutter&quot;:10,&quot;mobileGutter&quot;:10,&quot;tabletGutter&quot;:10,&quot;desktopGutter&quot;:10,&quot;enableResponsive&quot;:true,&quot;tabletColumns&quot;:2,&quot;mobileColumns&quot;:1,&quot;lazyLoad&quot;:&quot;0&quot;,&quot;lightboxOpts&quot;:{&quot;animated&quot;:true,&quot;Thumbs&quot;:{&quot;type&quot;:&quot;modern&quot;,&quot;showOnStart&quot;:false},&quot;Toolbar&quot;:{&quot;display&quot;:{&quot;right&quot;:[&quot;close&quot;]},&quot;enabled&quot;:true},&quot;Carousel&quot;:{&quot;Panzoom&quot;:{&quot;touch&quot;:false},&quot;infinite&quot;:false},&quot;keyboard&quot;:{&quot;Escape&quot;:&quot;close&quot;,&quot;Delete&quot;:&quot;close&quot;,&quot;Backspace&quot;:&quot;close&quot;,&quot;PageUp&quot;:false,&quot;PageDown&quot;:false,&quot;ArrowUp&quot;:false,&quot;ArrowDown&quot;:false,&quot;ArrowRight&quot;:false,&quot;ArrowLeft&quot;:false},&quot;touch&quot;:false,&quot;backdropClick&quot;:false,&quot;l10n&quot;:{&quot;CLOSE&quot;:&quot;Close&quot;,&quot;NEXT&quot;:&quot;Next&quot;,&quot;PREV&quot;:&quot;Previous&quot;,&quot;Error&quot;:&quot;The requested content cannot be loaded. Please try again later.&quot;,&quot;PLAY_START&quot;:&quot;Start slideshow&quot;,&quot;PLAY_STOP&quot;:&quot;Pause slideshow&quot;,&quot;FULL_SCREEN&quot;:&quot;Full screen&quot;,&quot;THUMBS&quot;:&quot;Thumbnails&quot;,&quot;DOWNLOAD&quot;:&quot;Download&quot;,&quot;SHARE&quot;:&quot;Share&quot;,&quot;ZOOM&quot;:&quot;Zoom&quot;,&quot;EMAIL&quot;:&quot;Here is the link to the image : %%image_link%% and this is the link to the gallery : %%gallery_link%%&quot;,&quot;MODAL&quot;:&quot;You can close this modal content with the ESC key&quot;,&quot;ERROR&quot;:&quot;Something Went Wrong, Please Try Again Later&quot;,&quot;IMAGE_ERROR&quot;:&quot;Image Not Found&quot;,&quot;ELEMENT_NOT_FOUND&quot;:&quot;HTML Element Not Found&quot;,&quot;AJAX_NOT_FOUND&quot;:&quot;Error Loading AJAX : Not Found&quot;,&quot;AJAX_FORBIDDEN&quot;:&quot;Error Loading AJAX : Forbidden&quot;,&quot;IFRAME_ERROR&quot;:&quot;Error Loading Page&quot;,&quot;TOGGLE_ZOOM&quot;:&quot;Toggle zoom level&quot;,&quot;TOGGLE_THUMBS&quot;:&quot;Toggle thumbnails&quot;,&quot;TOGGLE_SLIDESHOW&quot;:&quot;Toggle slideshow&quot;,&quot;TOGGLE_FULLSCREEN&quot;:&quot;Toggle full-screen mode&quot;},&quot;Images&quot;:{&quot;Panzoom&quot;:{&quot;maxScale&quot;:2}},&quot;mainClass&quot;:&quot;modula-fancybox-container modula-lightbox-jtg-7108&quot;,&quot;Html&quot;:{&quot;videoAutoplay&quot;:0,&quot;videoTpl&quot;:&quot;&lt;video class=\\&quot;fancybox__html5video\\&quot; controls muted playsinline controlsList controlsList=\\&quot;nodownload\\&quot; poster=\\&quot;{{poster}}\\&quot; src=\\&quot;{{src}}\\&quot; type=\\&quot;{{format}}\\&quot; &gt;  Sorry, your browser doesn&#039;t support embedded videos, &lt;a href=\\&quot;{{src}}\\&quot;&gt; download &lt;\\\/a&gt; and watch with your favorite video player! &lt;\\\/video&gt;&quot;}},&quot;inView&quot;:false,&quot;email_subject&quot;:&quot;\\u00a1\\u00a1Mira esta impresionante imagen!!&quot;,&quot;email_message&quot;:&quot;Este es el enlace a la imagen: %%image_link%% y este es el enlace a la galer\\u00eda: %%gallery_link%%&quot;,&quot;lightbox&quot;:&quot;fancybox&quot;,&quot;filterClick&quot;:&quot;0&quot;,&quot;defaultActiveFilter&quot;:&quot;all&quot;}\">\n\n\t\n\t<div  class=\"modula-items\">\n\t\t<div class=\"modula-item effect-quiet jtg-filter-all jtg-filter-\" data-width=\"6\" data-height=\"7\" >\n\t<div class=\"modula-item-overlay\"><\/div>\n\n\t<div class=\"modula-item-content\">\n\n\t\t\t\t\n\t\t\t\t\t<a data-image-id=\"7115\" tabindex=\"0\" href=\"https:\/\/www.formentera.es\/wp-content\/uploads\/2019\/05\/150-SantJaume2016_Catarres_03_net.jpg\" rel=\"jtg-7108\" data-caption=\"\" aria-label=\"Open image in lightbox\" role=\"button\" data-cyclefilter=\"show\" data-fancybox=\"jtg-7108\" class=\"tile-inner modula-item-link\"><\/a>\n\t\t\n\t\t<img loading=\"lazy\" decoding=\"async\" class=\"pic wp-image-7115\"  data-valign=\"middle\" data-halign=\"center\" alt=\"\" data-full=\"https:\/\/www.formentera.es\/wp-content\/uploads\/2019\/05\/150-SantJaume2016_Catarres_03_net.jpg\" title=\"150 SantJaume2016_Catarres_03_net\" width=\"1900\" height=\"1267\" src=\"https:\/\/www.formentera.es\/wp-content\/uploads\/2019\/05\/150-SantJaume2016_Catarres_03_net.jpg\" data-src=\"https:\/\/www.formentera.es\/wp-content\/uploads\/2019\/05\/150-SantJaume2016_Catarres_03_net.jpg\" data-caption=\"\" srcset=\"https:\/\/www.formentera.es\/wp-content\/uploads\/2019\/05\/150-SantJaume2016_Catarres_03_net.jpg 1900w, https:\/\/www.formentera.es\/wp-content\/uploads\/2019\/05\/150-SantJaume2016_Catarres_03_net-300x200.jpg 300w, https:\/\/www.formentera.es\/wp-content\/uploads\/2019\/05\/150-SantJaume2016_Catarres_03_net-768x512.jpg 768w, https:\/\/www.formentera.es\/wp-content\/uploads\/2019\/05\/150-SantJaume2016_Catarres_03_net-1024x683.jpg 1024w\" sizes=\"auto, (max-width: 1900px) 100vw, 1900px\" \/>\n\t\t<div class=\"figc no-description\">\n\t\t\t<div class=\"figc-inner\">\n\t\t\t\t\t\t\t\t\t\t\t\t\t\t\t<\/div>\n\t\t<\/div>\n\n\t<\/div>\n\n<\/div><div class=\"modula-item effect-quiet jtg-filter-all jtg-filter-\" data-width=\"6\" data-height=\"3\" >\n\t<div class=\"modula-item-overlay\"><\/div>\n\n\t<div class=\"modula-item-content\">\n\n\t\t\t\t\n\t\t\t\t\t<a data-image-id=\"7109\" tabindex=\"0\" href=\"https:\/\/www.formentera.es\/wp-content\/uploads\/2019\/05\/150-santjaume2016_03_net.jpg\" rel=\"jtg-7108\" data-caption=\"\" aria-label=\"Open image in lightbox\" role=\"button\" data-cyclefilter=\"show\" data-fancybox=\"jtg-7108\" class=\"tile-inner modula-item-link\"><\/a>\n\t\t\n\t\t<img loading=\"lazy\" decoding=\"async\" class=\"pic wp-image-7109\"  data-valign=\"middle\" data-halign=\"center\" alt=\"\" data-full=\"https:\/\/www.formentera.es\/wp-content\/uploads\/2019\/05\/150-santjaume2016_03_net.jpg\" title=\"150 santjaume2016_03_net\" width=\"1900\" height=\"1267\" src=\"https:\/\/www.formentera.es\/wp-content\/uploads\/2019\/05\/150-santjaume2016_03_net.jpg\" data-src=\"https:\/\/www.formentera.es\/wp-content\/uploads\/2019\/05\/150-santjaume2016_03_net.jpg\" data-caption=\"\" srcset=\"https:\/\/www.formentera.es\/wp-content\/uploads\/2019\/05\/150-santjaume2016_03_net.jpg 1900w, https:\/\/www.formentera.es\/wp-content\/uploads\/2019\/05\/150-santjaume2016_03_net-300x200.jpg 300w, https:\/\/www.formentera.es\/wp-content\/uploads\/2019\/05\/150-santjaume2016_03_net-768x512.jpg 768w, https:\/\/www.formentera.es\/wp-content\/uploads\/2019\/05\/150-santjaume2016_03_net-1024x683.jpg 1024w\" sizes=\"auto, (max-width: 1900px) 100vw, 1900px\" \/>\n\t\t<div class=\"figc no-description\">\n\t\t\t<div class=\"figc-inner\">\n\t\t\t\t\t\t\t\t\t\t\t\t\t\t\t<\/div>\n\t\t<\/div>\n\n\t<\/div>\n\n<\/div><div class=\"modula-item effect-quiet jtg-filter-all jtg-filter-\" data-width=\"6\" data-height=\"4\" >\n\t<div class=\"modula-item-overlay\"><\/div>\n\n\t<div class=\"modula-item-content\">\n\n\t\t\t\t\n\t\t\t\t\t<a data-image-id=\"7095\" tabindex=\"0\" href=\"https:\/\/www.formentera.es\/wp-content\/uploads\/2019\/05\/150-santjaume2016_09_elenamarco-copia.jpg\" rel=\"jtg-7108\" data-caption=\"\" aria-label=\"Open image in lightbox\" role=\"button\" data-cyclefilter=\"show\" data-fancybox=\"jtg-7108\" class=\"tile-inner modula-item-link\"><\/a>\n\t\t\n\t\t<img loading=\"lazy\" decoding=\"async\" class=\"pic wp-image-7095\"  data-valign=\"middle\" data-halign=\"center\" alt=\"\" data-full=\"https:\/\/www.formentera.es\/wp-content\/uploads\/2019\/05\/150-santjaume2016_09_elenamarco-copia.jpg\" title=\"150 santjaume2016_09_elenamarco copia\" width=\"1900\" height=\"1267\" src=\"https:\/\/www.formentera.es\/wp-content\/uploads\/2019\/05\/150-santjaume2016_09_elenamarco-copia.jpg\" data-src=\"https:\/\/www.formentera.es\/wp-content\/uploads\/2019\/05\/150-santjaume2016_09_elenamarco-copia.jpg\" data-caption=\"\" srcset=\"https:\/\/www.formentera.es\/wp-content\/uploads\/2019\/05\/150-santjaume2016_09_elenamarco-copia.jpg 1900w, https:\/\/www.formentera.es\/wp-content\/uploads\/2019\/05\/150-santjaume2016_09_elenamarco-copia-300x200.jpg 300w, https:\/\/www.formentera.es\/wp-content\/uploads\/2019\/05\/150-santjaume2016_09_elenamarco-copia-768x512.jpg 768w, https:\/\/www.formentera.es\/wp-content\/uploads\/2019\/05\/150-santjaume2016_09_elenamarco-copia-1024x683.jpg 1024w\" sizes=\"auto, (max-width: 1900px) 100vw, 1900px\" \/>\n\t\t<div class=\"figc no-description\">\n\t\t\t<div class=\"figc-inner\">\n\t\t\t\t\t\t\t\t\t\t\t\t\t\t\t<\/div>\n\t\t<\/div>\n\n\t<\/div>\n\n<\/div>\t\t\n\t<\/div>\n\n\t\n\t\n\t<script type=\"application\/ld+json\">\n\t{\n\t\t\"@context\": \"http:\/\/schema.org\",\n\t\t\"@type\"   : \"ImageGallery\",\n\t\t\"id\"      : \"https:\/\/www.formentera.es\/pt\/formentera-em-verao\/\",\n\t\t\"url\"     : \"https:\/\/www.formentera.es\/pt\/formentera-em-verao\/\"\n\t}\n\n\t<\/script>\n\n\t\n<\/div>\n[\/vc_column_text][\/vc_column][\/vc_row][vc_row full_width=&#8221;stretch_row_content&#8221; equal_height=&#8221;yes&#8221; css=&#8221;.vc_custom_1530270547786{padding-top: 80px !important;}&#8221;][vc_column][vc_column_text el_class=&#8221;h1&#8243;]<\/p>\n<h2 style=\"text-align: center;\">Outros eventos que podem interessar-lhe<\/h2>\n<p>[\/vc_column_text][vc_basic_grid post_type=&#8221;post&#8221; max_items=&#8221;3&#8243; orderby=&#8221;rand&#8221; item=&#8221;60&#8243; grid_id=&#8221;vc_gid:1770110621621-83763009-d626-2&#8243; taxonomies=&#8221;17&#8243; exclude=&#8221;7091&#8243;][\/vc_column][\/vc_row][vc_row][vc_column][vc_column_text]<\/p>\n<p>[\/vc_column_text][\/vc_column][\/vc_row]<\/p>\n<\/div>","protected":false},"excerpt":{"rendered":"<p>[vc_row css=&#8221;.vc_custom_1553860347916{margin-right: 0px !important;margin-left: 0px !important;}&#8221;][vc_column width=&#8221;2\/3&#8243;][vc_column_text css=&#8221;&#8221;]Este ver\u00e3o, em Formentera, encontrar\u00e1s praias de areia [&hellip;]<\/p>\n","protected":false},"author":1,"featured_media":32293,"comment_status":"closed","ping_status":"closed","sticky":false,"template":"","format":"standard","meta":{"_acf_changed":false,"footnotes":""},"categories":[2527],"tags":[],"class_list":["post-32291","post","type-post","status-publish","format-standard","hentry","category-eventos-pt"],"acf":[],"yoast_head":"<!-- This site is optimized with the Yoast SEO plugin v25.5 - https:\/\/yoast.com\/wordpress\/plugins\/seo\/ -->\n<title>Formentera em ver\u00e3o | Turismo de Formentera<\/title>\n<meta name=\"robots\" content=\"index, follow, max-snippet:-1, max-image-preview:large, max-video-preview:-1\" \/>\n<link rel=\"canonical\" href=\"https:\/\/www.formentera.es\/pt\/formentera-em-verao\/\" \/>\n<meta property=\"og:locale\" content=\"pt_PT\" \/>\n<meta property=\"og:type\" content=\"article\" \/>\n<meta property=\"og:title\" content=\"Formentera em ver\u00e3o | Turismo de Formentera\" \/>\n<meta property=\"og:description\" content=\"[vc_row css=&#8221;.vc_custom_1553860347916{margin-right: 0px !important;margin-left: 0px !important;}&#8221;][vc_column width=&#8221;2\/3&#8243;][vc_column_text css=&#8221;&#8221;]Este ver\u00e3o, em Formentera, encontrar\u00e1s praias de areia [&hellip;]\" \/>\n<meta property=\"og:url\" content=\"https:\/\/www.formentera.es\/pt\/formentera-em-verao\/\" \/>\n<meta property=\"og:site_name\" content=\"Turismo de Formentera\" \/>\n<meta property=\"article:publisher\" content=\"https:\/\/www.facebook.com\/turismoformentera\/\" \/>\n<meta property=\"article:published_time\" content=\"2019-01-01T09:16:08+00:00\" \/>\n<meta property=\"article:modified_time\" content=\"2026-02-03T09:25:28+00:00\" \/>\n<meta property=\"og:image\" content=\"https:\/\/www.formentera.es\/wp-content\/uploads\/2019\/05\/150-santjaume2016_net.jpg\" \/>\n\t<meta property=\"og:image:width\" content=\"1900\" \/>\n\t<meta property=\"og:image:height\" content=\"1267\" \/>\n\t<meta property=\"og:image:type\" content=\"image\/jpeg\" \/>\n<meta name=\"author\" content=\"fugrafic\" \/>\n<meta name=\"twitter:card\" content=\"summary_large_image\" \/>\n<meta name=\"twitter:creator\" content=\"@visitformentera\" \/>\n<meta name=\"twitter:site\" content=\"@visitformentera\" \/>\n<meta name=\"twitter:label1\" content=\"Escrito por\" \/>\n\t<meta name=\"twitter:data1\" content=\"fugrafic\" \/>\n\t<meta name=\"twitter:label2\" content=\"Tempo estimado de leitura\" \/>\n\t<meta name=\"twitter:data2\" content=\"3 minutos\" \/>\n<script type=\"application\/ld+json\" class=\"yoast-schema-graph\">{\"@context\":\"https:\/\/schema.org\",\"@graph\":[{\"@type\":\"WebPage\",\"@id\":\"https:\/\/www.formentera.es\/pt\/formentera-em-verao\/\",\"url\":\"https:\/\/www.formentera.es\/pt\/formentera-em-verao\/\",\"name\":\"Formentera em ver\u00e3o | Turismo de Formentera\",\"isPartOf\":{\"@id\":\"https:\/\/www.formentera.es\/#website\"},\"primaryImageOfPage\":{\"@id\":\"https:\/\/www.formentera.es\/pt\/formentera-em-verao\/#primaryimage\"},\"image\":{\"@id\":\"https:\/\/www.formentera.es\/pt\/formentera-em-verao\/#primaryimage\"},\"thumbnailUrl\":\"https:\/\/www.formentera.es\/wp-content\/uploads\/2019\/05\/150-santjaume2016_net.jpg\",\"datePublished\":\"2019-01-01T09:16:08+00:00\",\"dateModified\":\"2026-02-03T09:25:28+00:00\",\"author\":{\"@id\":\"https:\/\/www.formentera.es\/#\/schema\/person\/bf060d78cf1cdf2c02f482a176b38409\"},\"breadcrumb\":{\"@id\":\"https:\/\/www.formentera.es\/pt\/formentera-em-verao\/#breadcrumb\"},\"inLanguage\":\"pt-PT\",\"potentialAction\":[{\"@type\":\"ReadAction\",\"target\":[\"https:\/\/www.formentera.es\/pt\/formentera-em-verao\/\"]}]},{\"@type\":\"ImageObject\",\"inLanguage\":\"pt-PT\",\"@id\":\"https:\/\/www.formentera.es\/pt\/formentera-em-verao\/#primaryimage\",\"url\":\"https:\/\/www.formentera.es\/wp-content\/uploads\/2019\/05\/150-santjaume2016_net.jpg\",\"contentUrl\":\"https:\/\/www.formentera.es\/wp-content\/uploads\/2019\/05\/150-santjaume2016_net.jpg\",\"width\":1900,\"height\":1267},{\"@type\":\"BreadcrumbList\",\"@id\":\"https:\/\/www.formentera.es\/pt\/formentera-em-verao\/#breadcrumb\",\"itemListElement\":[{\"@type\":\"ListItem\",\"position\":1,\"name\":\"Portada\",\"item\":\"https:\/\/www.formentera.es\/pt\/\"},{\"@type\":\"ListItem\",\"position\":2,\"name\":\"Formentera em ver\u00e3o\"}]},{\"@type\":\"WebSite\",\"@id\":\"https:\/\/www.formentera.es\/#website\",\"url\":\"https:\/\/www.formentera.es\/\",\"name\":\"Turismo de Formentera\",\"description\":\"Web oficial de Turismo de Formentera\",\"potentialAction\":[{\"@type\":\"SearchAction\",\"target\":{\"@type\":\"EntryPoint\",\"urlTemplate\":\"https:\/\/www.formentera.es\/?s={search_term_string}\"},\"query-input\":{\"@type\":\"PropertyValueSpecification\",\"valueRequired\":true,\"valueName\":\"search_term_string\"}}],\"inLanguage\":\"pt-PT\"},{\"@type\":\"Person\",\"@id\":\"https:\/\/www.formentera.es\/#\/schema\/person\/bf060d78cf1cdf2c02f482a176b38409\",\"name\":\"fugrafic\",\"image\":{\"@type\":\"ImageObject\",\"inLanguage\":\"pt-PT\",\"@id\":\"https:\/\/www.formentera.es\/#\/schema\/person\/image\/\",\"url\":\"https:\/\/secure.gravatar.com\/avatar\/2f4071817a97d2499c5aae9674ee15015b5a3c7c0974ca84f095a8e4aadcda56?s=96&d=mm&r=g\",\"contentUrl\":\"https:\/\/secure.gravatar.com\/avatar\/2f4071817a97d2499c5aae9674ee15015b5a3c7c0974ca84f095a8e4aadcda56?s=96&d=mm&r=g\",\"caption\":\"fugrafic\"}}]}<\/script>\n<!-- \/ Yoast SEO plugin. -->","yoast_head_json":{"title":"Formentera em ver\u00e3o | Turismo de Formentera","robots":{"index":"index","follow":"follow","max-snippet":"max-snippet:-1","max-image-preview":"max-image-preview:large","max-video-preview":"max-video-preview:-1"},"canonical":"https:\/\/www.formentera.es\/pt\/formentera-em-verao\/","og_locale":"pt_PT","og_type":"article","og_title":"Formentera em ver\u00e3o | Turismo de Formentera","og_description":"[vc_row css=&#8221;.vc_custom_1553860347916{margin-right: 0px !important;margin-left: 0px !important;}&#8221;][vc_column width=&#8221;2\/3&#8243;][vc_column_text css=&#8221;&#8221;]Este ver\u00e3o, em Formentera, encontrar\u00e1s praias de areia [&hellip;]","og_url":"https:\/\/www.formentera.es\/pt\/formentera-em-verao\/","og_site_name":"Turismo de Formentera","article_publisher":"https:\/\/www.facebook.com\/turismoformentera\/","article_published_time":"2019-01-01T09:16:08+00:00","article_modified_time":"2026-02-03T09:25:28+00:00","og_image":[{"width":1900,"height":1267,"url":"https:\/\/www.formentera.es\/wp-content\/uploads\/2019\/05\/150-santjaume2016_net.jpg","type":"image\/jpeg"}],"author":"fugrafic","twitter_card":"summary_large_image","twitter_creator":"@visitformentera","twitter_site":"@visitformentera","twitter_misc":{"Escrito por":"fugrafic","Tempo estimado de leitura":"3 minutos"},"schema":{"@context":"https:\/\/schema.org","@graph":[{"@type":"WebPage","@id":"https:\/\/www.formentera.es\/pt\/formentera-em-verao\/","url":"https:\/\/www.formentera.es\/pt\/formentera-em-verao\/","name":"Formentera em ver\u00e3o | Turismo de Formentera","isPartOf":{"@id":"https:\/\/www.formentera.es\/#website"},"primaryImageOfPage":{"@id":"https:\/\/www.formentera.es\/pt\/formentera-em-verao\/#primaryimage"},"image":{"@id":"https:\/\/www.formentera.es\/pt\/formentera-em-verao\/#primaryimage"},"thumbnailUrl":"https:\/\/www.formentera.es\/wp-content\/uploads\/2019\/05\/150-santjaume2016_net.jpg","datePublished":"2019-01-01T09:16:08+00:00","dateModified":"2026-02-03T09:25:28+00:00","author":{"@id":"https:\/\/www.formentera.es\/#\/schema\/person\/bf060d78cf1cdf2c02f482a176b38409"},"breadcrumb":{"@id":"https:\/\/www.formentera.es\/pt\/formentera-em-verao\/#breadcrumb"},"inLanguage":"pt-PT","potentialAction":[{"@type":"ReadAction","target":["https:\/\/www.formentera.es\/pt\/formentera-em-verao\/"]}]},{"@type":"ImageObject","inLanguage":"pt-PT","@id":"https:\/\/www.formentera.es\/pt\/formentera-em-verao\/#primaryimage","url":"https:\/\/www.formentera.es\/wp-content\/uploads\/2019\/05\/150-santjaume2016_net.jpg","contentUrl":"https:\/\/www.formentera.es\/wp-content\/uploads\/2019\/05\/150-santjaume2016_net.jpg","width":1900,"height":1267},{"@type":"BreadcrumbList","@id":"https:\/\/www.formentera.es\/pt\/formentera-em-verao\/#breadcrumb","itemListElement":[{"@type":"ListItem","position":1,"name":"Portada","item":"https:\/\/www.formentera.es\/pt\/"},{"@type":"ListItem","position":2,"name":"Formentera em ver\u00e3o"}]},{"@type":"WebSite","@id":"https:\/\/www.formentera.es\/#website","url":"https:\/\/www.formentera.es\/","name":"Turismo de Formentera","description":"Web oficial de Turismo de Formentera","potentialAction":[{"@type":"SearchAction","target":{"@type":"EntryPoint","urlTemplate":"https:\/\/www.formentera.es\/?s={search_term_string}"},"query-input":{"@type":"PropertyValueSpecification","valueRequired":true,"valueName":"search_term_string"}}],"inLanguage":"pt-PT"},{"@type":"Person","@id":"https:\/\/www.formentera.es\/#\/schema\/person\/bf060d78cf1cdf2c02f482a176b38409","name":"fugrafic","image":{"@type":"ImageObject","inLanguage":"pt-PT","@id":"https:\/\/www.formentera.es\/#\/schema\/person\/image\/","url":"https:\/\/secure.gravatar.com\/avatar\/2f4071817a97d2499c5aae9674ee15015b5a3c7c0974ca84f095a8e4aadcda56?s=96&d=mm&r=g","contentUrl":"https:\/\/secure.gravatar.com\/avatar\/2f4071817a97d2499c5aae9674ee15015b5a3c7c0974ca84f095a8e4aadcda56?s=96&d=mm&r=g","caption":"fugrafic"}}]}},"_links":{"self":[{"href":"https:\/\/www.formentera.es\/pt\/wp-json\/wp\/v2\/posts\/32291","targetHints":{"allow":["GET"]}}],"collection":[{"href":"https:\/\/www.formentera.es\/pt\/wp-json\/wp\/v2\/posts"}],"about":[{"href":"https:\/\/www.formentera.es\/pt\/wp-json\/wp\/v2\/types\/post"}],"author":[{"embeddable":true,"href":"https:\/\/www.formentera.es\/pt\/wp-json\/wp\/v2\/users\/1"}],"replies":[{"embeddable":true,"href":"https:\/\/www.formentera.es\/pt\/wp-json\/wp\/v2\/comments?post=32291"}],"version-history":[{"count":2,"href":"https:\/\/www.formentera.es\/pt\/wp-json\/wp\/v2\/posts\/32291\/revisions"}],"predecessor-version":[{"id":56143,"href":"https:\/\/www.formentera.es\/pt\/wp-json\/wp\/v2\/posts\/32291\/revisions\/56143"}],"wp:featuredmedia":[{"embeddable":true,"href":"https:\/\/www.formentera.es\/pt\/wp-json\/wp\/v2\/media\/32293"}],"wp:attachment":[{"href":"https:\/\/www.formentera.es\/pt\/wp-json\/wp\/v2\/media?parent=32291"}],"wp:term":[{"taxonomy":"category","embeddable":true,"href":"https:\/\/www.formentera.es\/pt\/wp-json\/wp\/v2\/categories?post=32291"},{"taxonomy":"post_tag","embeddable":true,"href":"https:\/\/www.formentera.es\/pt\/wp-json\/wp\/v2\/tags?post=32291"}],"curies":[{"name":"wp","href":"https:\/\/api.w.org\/{rel}","templated":true}]}}