{"id":7187,"date":"2019-01-01T12:00:02","date_gmt":"2019-01-01T11:00:02","guid":{"rendered":"https:\/\/www.formentera.es\/?p=7187"},"modified":"2026-02-03T10:25:15","modified_gmt":"2026-02-03T09:25:15","slug":"estate","status":"publish","type":"post","link":"https:\/\/www.formentera.es\/it\/estate\/","title":{"rendered":"Estate"},"content":{"rendered":"<div class=\"wpb-content-wrapper\"><p>[vc_row][vc_column width=&#8221;2\/3&#8243;][vc_column_text css=&#8221;&#8221;]Quest&#8217;estate a Formentera ti aspetteranno spiagge di sabbia fine con una caratteristica acqua blu che innamora a prima vista. Troverai anche angoli meravigliosi in cui potrai disconnetterti, due fari magici, natura selvaggia e mediterranea &#8230; Se, oltre a godere della natura, ti piace divertirti con la cultura o lo sport, qui ci sono un sacco di eventi che ti interesser\u00e1 sappere.<\/p>\n<p><strong>Musica nelle piazze:<\/strong><\/p>\n<ul>\n<li>Luned\u00ec al Port: Luned\u00ec alle 22.00 nel Passeig de la Marina a La Savina. Dal 17 giugno al 16 settembre.<\/li>\n<li>Marted\u00ec a La Mola: Marte alle 22.00 nella Piazza della Chiesa del Pilar de La Mola. Dal 18 giugno al 24 settembre.<\/li>\n<li>World Music: Gioved\u00ec alle 22:30 nella Plaza d&#8217;Europa de Es Pujols. Dal 20 giugno al 26 settembre.<\/li>\n<li>Musica dal vivo: Venerd\u00ec alle 22.00 nella Piazza della Chiesa di Sant Ferran de Ses Roques. Dal 21 giugno al 27 settembre.<\/li>\n<li>Jazz in piazza: Sabato alle 22.00 nella Plaza de la Constituci\u00f3n de Sant Francesc Xavier. Dal 22 giugno al 28 settembre.<\/li>\n<\/ul>\n<p><strong>Mercati artistici e artigianali<\/strong><\/p>\n<ul>\n<li>Mercato artigiano di La Mola: Mercoled\u00ec e Domenica dalle 16:00 alle 22:00 h sul Pilar de la Mola.<\/li>\n<li>Mercato di San Francesco: Luned\u00ec alla domenica da 10:00 a 14:00 h. Luned\u00ec e marted\u00ec (solo luglio e agosto) anche da 20:00 a 00:00 h.<\/li>\n<li>Mercat d&#8217;Es Pujols : luned\u00ec alla domenica dalle 19:00 alle 00:00 h.<\/li>\n<li>Mercato artigianale di Sant Ferran: Gioved\u00ec, venerd\u00ec e sabato da 20:30 a 00.00 h.<\/li>\n<li>Mercato artistico di Sant Ferran: Gioved\u00ec, venerd\u00ec e sabato da 20:30 a 00.00 h.<\/li>\n<li>Mercat de La Savina : luned\u00ec alla domenica da 10:00 a 00:00 ore.<\/li>\n<li>Mercato di seconda mano: Marted\u00ec da 11:00 a 14:00h per tutto l&#8217;anno nel Giardino di Ses Eres, a San Francesco Xavier.<\/li>\n<\/ul>\n<p><strong>Cinema all&#8217;aperto (a luglio):<\/strong><\/p>\n<ul>\n<li>Marted\u00ec a Sant Francesc Xavier alle 22 :00 nel Giardino di \u201cSes Eres\u201d (dietro alla chiesa)<\/li>\n<li>Gioved\u00ec a Sant Ferran alle 22:00 nella Piazza della Chiesa<\/li>\n<li>Venerd\u00ec a Pilar de la Mola, alle 22 nella \u201cCasa del Poble \u201c.<\/li>\n<\/ul>\n<p><strong>Feste popolari ed eventi speciali:<\/strong><\/p>\n<ul>\n<li>Giorno del Carmen: 16 luglio.<\/li>\n<li>Sant Jaume: 25 luglio.<\/li>\n<li>Santa Maria: 5 agosto.<\/li>\n<\/ul>\n<p><strong>E ancora di pi\u00f9:<\/strong><\/p>\n<ul>\n<li>Agenda completa con tutti gli eventi:\u00a0<a href=\"https:\/\/www.formentera.es\/agenda\/\">https:\/\/www.formentera.es\/agenda\/<\/a><\/li>\n<li>Stato delle spiagge: Se vuoi conoscere lo stato delle spiagge (bandiere e meduse) dalle 11.30 h: http:\/\/www.platgesdebalears.com\/caplaibFront\/portada_isla.es.jsp?cIsl=FO<\/li>\n<li>Informazioni turistiche dirette tramite whatsapp, dal luned\u00ec al venerd\u00ec dalle 8:00 alle 15:00. Aggiungi il nostro numero ai tuoi contatti e chiedici: +34 607 11 17 16<\/li>\n<li>Guida alle spiagge e cataloghi di percorsi verdi: https:\/\/www.formentera.es<\/li>\n<\/ul>\n<p>[\/vc_column_text][vc_column_text]Quest&#8217;estate a Formentera ti aspetteranno spiagge di sabbia fine con una caratteristica acqua blu che innamora a prima vista. Troverai anche angoli meravigliosi in cui potrai disconnetterti, due fari magici, natura selvaggia e mediterranea &#8230; Se, oltre a godere della natura, ti piace divertirti con la cultura o lo sport, qui ci sono un sacco di eventi che ti interesser\u00e1 sappere.<\/p>\n<p><strong>Musica nelle piazze:<\/strong><\/p>\n<ul>\n<li>Luned\u00ec al Port: Luned\u00ec alle 22.00 nel Passeig de la Marina a La Savina. Dal 17 giugno al 16 settembre.<\/li>\n<li>Marted\u00ec a La Mola: Marte alle 22.00 nella Piazza della Chiesa del Pilar de La Mola. Dal 18 giugno al 24 settembre.<\/li>\n<li>World Music: Gioved\u00ec alle 22:30 nella Plaza d&#8217;Europa de Es Pujols. Dal 20 giugno al 26 settembre.<\/li>\n<li>Musica dal vivo: Venerd\u00ec alle 22.00 nella Piazza della Chiesa di Sant Ferran de Ses Roques. Dal 21 giugno al 27 settembre.<\/li>\n<li>Jazz in piazza: Sabato alle 22.00 nella Plaza de la Constituci\u00f3n de Sant Francesc Xavier. Dal 22 giugno al 28 settembre.<\/li>\n<\/ul>\n<p><strong>Mercati artistici e artigianali<\/strong><\/p>\n<ul>\n<li>Mercato artigiano di La Mola: Mercoled\u00ec e Domenica dalle 16:00 alle 22:00 h sul Pilar de la Mola.<\/li>\n<li>Mercato di San Francesco: Luned\u00ec alla domenica da 10:00 a 14:00 h. Luned\u00ec e marted\u00ec (solo luglio e agosto) anche da 20:00 a 00:00 h.<\/li>\n<li>Mercat d&#8217;Es Pujols : luned\u00ec alla domenica dalle 19:00 alle 00:00 h.<\/li>\n<li>Mercato artigianale di Sant Ferran: Gioved\u00ec, venerd\u00ec e sabato da 20:30 a 00.00 h.<\/li>\n<li>Mercato artistico di Sant Ferran: Gioved\u00ec, venerd\u00ec e sabato da 20:30 a 00.00 h.<\/li>\n<li>Mercat de La Savina : luned\u00ec alla domenica da 10:00 a 00:00 ore.<\/li>\n<li>Mercato di seconda mano: Marted\u00ec da 11:00 a 14:00h per tutto l&#8217;anno nel Giardino di Ses Eres, a San Francesco Xavier.<\/li>\n<\/ul>\n<p><strong>Cinema all&#8217;aperto (a luglio):<\/strong><\/p>\n<ul>\n<li>Marted\u00ec a Sant Francesc Xavier alle 22 :00 nel Giardino di \u201cSes Eres\u201d (dietro alla chiesa)<\/li>\n<li>Gioved\u00ec a Sant Ferran alle 22:00 nella Piazza della Chiesa<\/li>\n<li>Venerd\u00ec a Pilar de la Mola, alle 22 nella \u201cCasa del Poble \u201c.<\/li>\n<\/ul>\n<p><strong>Feste popolari ed eventi speciali:<\/strong><\/p>\n<ul>\n<li>Giorno del Carmen: 16 luglio.<\/li>\n<li>Sant Jaume: 25 luglio.<\/li>\n<li>Santa Maria: 5 agosto.<\/li>\n<\/ul>\n<p><strong>Eventi sportivi:<\/strong><\/p>\n<ul>\n<li>Miglio urbano \/ 5 km Es Pujols (running): per confermare.<\/li>\n<li>Trofeo di tennis John Tunks: per confermare.<\/li>\n<li>Giro di Formentera sul windsurf: per confermare.<\/li>\n<\/ul>\n<p><strong>E ancora di pi\u00f9:<\/strong><\/p>\n<ul>\n<li>Agenda completa con tutti gli eventi: http:\/\/www.agendaformentera.cat<\/li>\n<li>Stato delle spiagge: Se vuoi conoscere lo stato delle spiagge (bandiere e meduse) dalle 11.30 h: http:\/\/www.platgesdebalears.com\/caplaibFront\/portada_isla.es.jsp?cIsl=FO<\/li>\n<li>Informazioni turistiche dirette tramite whatsapp, dal luned\u00ec al venerd\u00ec dalle 8:00 alle 15:00. Aggiungi il nostro numero ai tuoi contatti e chiedici: +34 607 11 17 16<\/li>\n<li>Guida alle spiagge e cataloghi di percorsi verdi: https:\/\/www.formentera.es<\/li>\n<\/ul>\n<p>[\/vc_column_text][\/vc_column][vc_column width=&#8221;1\/3&#8243;][vc_column_text]<div id=\"sidebar_ficha\"><div class=\"spost\"><div class=\"tag\">Estate<\/div><\/div><div class=\"bloc_share\"><div class=\"tit_medium\">Condividi<\/div><div class=\"redes_ficha\"><div class=\"fa fa fa-brands fa-x-twitter st-custom-button\" data-network=\"twitter\"><\/div><div class=\"fa fa-facebook st-custom-button\" data-network=\"facebook\"><\/div><div class=\"fa fa-pinterest-p st-custom-button\" data-network=\"pinterest\"><\/div><\/div><div class=\"tit_medium\">Invia ad un amico<\/div><div class=\"redes_ficha\"><div class=\"fa fa-envelope st-custom-button\" data-network=\"email\"><\/div><div class=\"fa fa-whatsapp st-custom-button\" data-network=\"whatsapp\"><\/div><\/div><\/div><\/div>[\/vc_column_text][\/vc_column][\/vc_row][vc_row][vc_column][vc_column_text]<\/p>\n<p>[\/vc_column_text][\/vc_column][\/vc_row][vc_row full_width=&#8221;stretch_row_content_no_spaces&#8221;][vc_column][vc_column_text]<style>#jtg-7108 .modula-item .jtg-social a, .lightbox-socials.jtg-social a{ fill: #ffffff; color: #ffffff }#jtg-7108 .modula-item .jtg-social-mobile a{ fill: #ffffff; color: #ffffff }#jtg-7108 .modula-item .jtg-social svg, .lightbox-socials.jtg-social svg { height: 16px; width: 16px }#jtg-7108 .modula-item .jtg-social-mobile svg { height: 16px; width: 16px }#jtg-7108 .modula-item .jtg-social a:not(:last-child), .lightbox-socials.jtg-social a:not(:last-child) { margin-right: 10px }#jtg-7108 .modula-item .jtg-social-mobile .jtg-social-mobile-icons a:not(:last-child){ margin-right: 10px }#jtg-7108 .modula-item .figc {color:#ffffff;}#jtg-7108 .modula-item .modula-item-content { transform: scale(1) }#jtg-7108 .modula-items .figc p.description { font-size:14px; }#jtg-7108 .modula-items .figc p.description { color:#ffffff;}#jtg-7108.modula-gallery .modula-item > a, #jtg-7108.modula-gallery .modula-item, #jtg-7108.modula-gallery .modula-item-content > a:not(.modula-no-follow) { cursor:zoom-in; } #jtg-7108.modula-gallery .modula-item-content .modula-no-follow { cursor: default; } #jtg-7108 .modula-item { background-color:#000000; }#jtg-7108 .modula-item:hover img { opacity: 0.5; }#jtg-7108 .modula-item { transform: scale(1) translate(0px,0px) rotate(0deg); }@media screen and (max-width:480px){#jtg-7108 .modula-item .figc .jtg-title {  font-size: 12px; }#jtg-7108 .modula-items .figc p.description { color:#ffffff;font-size:10px; }}<\/style>\n<div  id=\"jtg-7108\" class=\"modula modula-gallery modula-custom-grid\" data-config=\"{&quot;height&quot;:800,&quot;tabletHeight&quot;:800,&quot;mobileHeight&quot;:800,&quot;desktopHeight&quot;:800,&quot;enableTwitter&quot;:false,&quot;enableWhatsapp&quot;:false,&quot;enableFacebook&quot;:false,&quot;enablePinterest&quot;:false,&quot;enableLinkedin&quot;:false,&quot;enableEmail&quot;:false,&quot;randomFactor&quot;:0.5,&quot;type&quot;:&quot;custom-grid&quot;,&quot;columns&quot;:12,&quot;gutter&quot;:10,&quot;mobileGutter&quot;:10,&quot;tabletGutter&quot;:10,&quot;desktopGutter&quot;:10,&quot;enableResponsive&quot;:true,&quot;tabletColumns&quot;:2,&quot;mobileColumns&quot;:1,&quot;lazyLoad&quot;:&quot;0&quot;,&quot;lightboxOpts&quot;:{&quot;animated&quot;:true,&quot;Thumbs&quot;:{&quot;type&quot;:&quot;modern&quot;,&quot;showOnStart&quot;:false},&quot;Toolbar&quot;:{&quot;display&quot;:{&quot;right&quot;:[&quot;close&quot;]},&quot;enabled&quot;:true},&quot;Carousel&quot;:{&quot;Panzoom&quot;:{&quot;touch&quot;:false},&quot;infinite&quot;:false},&quot;keyboard&quot;:{&quot;Escape&quot;:&quot;close&quot;,&quot;Delete&quot;:&quot;close&quot;,&quot;Backspace&quot;:&quot;close&quot;,&quot;PageUp&quot;:false,&quot;PageDown&quot;:false,&quot;ArrowUp&quot;:false,&quot;ArrowDown&quot;:false,&quot;ArrowRight&quot;:false,&quot;ArrowLeft&quot;:false},&quot;touch&quot;:false,&quot;backdropClick&quot;:false,&quot;l10n&quot;:{&quot;CLOSE&quot;:&quot;Close&quot;,&quot;NEXT&quot;:&quot;Next&quot;,&quot;PREV&quot;:&quot;Previous&quot;,&quot;Error&quot;:&quot;The requested content cannot be loaded. Please try again later.&quot;,&quot;PLAY_START&quot;:&quot;Start slideshow&quot;,&quot;PLAY_STOP&quot;:&quot;Pause slideshow&quot;,&quot;FULL_SCREEN&quot;:&quot;Full screen&quot;,&quot;THUMBS&quot;:&quot;Thumbnails&quot;,&quot;DOWNLOAD&quot;:&quot;Download&quot;,&quot;SHARE&quot;:&quot;Share&quot;,&quot;ZOOM&quot;:&quot;Zoom&quot;,&quot;EMAIL&quot;:&quot;Here is the link to the image : %%image_link%% and this is the link to the gallery : %%gallery_link%%&quot;,&quot;MODAL&quot;:&quot;You can close this modal content with the ESC key&quot;,&quot;ERROR&quot;:&quot;Something Went Wrong, Please Try Again Later&quot;,&quot;IMAGE_ERROR&quot;:&quot;Image Not Found&quot;,&quot;ELEMENT_NOT_FOUND&quot;:&quot;HTML Element Not Found&quot;,&quot;AJAX_NOT_FOUND&quot;:&quot;Error Loading AJAX : Not Found&quot;,&quot;AJAX_FORBIDDEN&quot;:&quot;Error Loading AJAX : Forbidden&quot;,&quot;IFRAME_ERROR&quot;:&quot;Error Loading Page&quot;,&quot;TOGGLE_ZOOM&quot;:&quot;Toggle zoom level&quot;,&quot;TOGGLE_THUMBS&quot;:&quot;Toggle thumbnails&quot;,&quot;TOGGLE_SLIDESHOW&quot;:&quot;Toggle slideshow&quot;,&quot;TOGGLE_FULLSCREEN&quot;:&quot;Toggle full-screen mode&quot;},&quot;Images&quot;:{&quot;Panzoom&quot;:{&quot;maxScale&quot;:2}},&quot;mainClass&quot;:&quot;modula-fancybox-container modula-lightbox-jtg-7108&quot;,&quot;Html&quot;:{&quot;videoAutoplay&quot;:0,&quot;videoTpl&quot;:&quot;&lt;video class=\\&quot;fancybox__html5video\\&quot; controls muted playsinline controlsList controlsList=\\&quot;nodownload\\&quot; poster=\\&quot;{{poster}}\\&quot; src=\\&quot;{{src}}\\&quot; type=\\&quot;{{format}}\\&quot; &gt;  Sorry, your browser doesn&#039;t support embedded videos, &lt;a href=\\&quot;{{src}}\\&quot;&gt; download &lt;\\\/a&gt; and watch with your favorite video player! &lt;\\\/video&gt;&quot;}},&quot;inView&quot;:false,&quot;email_subject&quot;:&quot;\\u00a1\\u00a1Mira esta impresionante imagen!!&quot;,&quot;email_message&quot;:&quot;Este es el enlace a la imagen: %%image_link%% y este es el enlace a la galer\\u00eda: %%gallery_link%%&quot;,&quot;lightbox&quot;:&quot;fancybox&quot;,&quot;filterClick&quot;:&quot;0&quot;,&quot;defaultActiveFilter&quot;:&quot;all&quot;}\">\n\n\t\n\t<div  class=\"modula-items\">\n\t\t<div class=\"modula-item effect-quiet jtg-filter-all jtg-filter-\" data-width=\"6\" data-height=\"7\" >\n\t<div class=\"modula-item-overlay\"><\/div>\n\n\t<div class=\"modula-item-content\">\n\n\t\t\t\t\n\t\t\t\t\t<a data-image-id=\"7115\" tabindex=\"0\" href=\"https:\/\/www.formentera.es\/wp-content\/uploads\/2019\/05\/150-SantJaume2016_Catarres_03_net.jpg\" rel=\"jtg-7108\" data-caption=\"\" aria-label=\"Open image in lightbox\" role=\"button\" data-cyclefilter=\"show\" data-fancybox=\"jtg-7108\" class=\"tile-inner modula-item-link\"><\/a>\n\t\t\n\t\t<img loading=\"lazy\" decoding=\"async\" class=\"pic wp-image-7115\"  data-valign=\"middle\" data-halign=\"center\" alt=\"\" data-full=\"https:\/\/www.formentera.es\/wp-content\/uploads\/2019\/05\/150-SantJaume2016_Catarres_03_net.jpg\" title=\"150 SantJaume2016_Catarres_03_net\" width=\"1900\" height=\"1267\" src=\"https:\/\/www.formentera.es\/wp-content\/uploads\/2019\/05\/150-SantJaume2016_Catarres_03_net.jpg\" data-src=\"https:\/\/www.formentera.es\/wp-content\/uploads\/2019\/05\/150-SantJaume2016_Catarres_03_net.jpg\" data-caption=\"\" srcset=\"https:\/\/www.formentera.es\/wp-content\/uploads\/2019\/05\/150-SantJaume2016_Catarres_03_net.jpg 1900w, https:\/\/www.formentera.es\/wp-content\/uploads\/2019\/05\/150-SantJaume2016_Catarres_03_net-300x200.jpg 300w, https:\/\/www.formentera.es\/wp-content\/uploads\/2019\/05\/150-SantJaume2016_Catarres_03_net-768x512.jpg 768w, https:\/\/www.formentera.es\/wp-content\/uploads\/2019\/05\/150-SantJaume2016_Catarres_03_net-1024x683.jpg 1024w\" sizes=\"auto, (max-width: 1900px) 100vw, 1900px\" \/>\n\t\t<div class=\"figc no-description\">\n\t\t\t<div class=\"figc-inner\">\n\t\t\t\t\t\t\t\t\t\t\t\t\t\t\t<\/div>\n\t\t<\/div>\n\n\t<\/div>\n\n<\/div><div class=\"modula-item effect-quiet jtg-filter-all jtg-filter-\" data-width=\"6\" data-height=\"3\" >\n\t<div class=\"modula-item-overlay\"><\/div>\n\n\t<div class=\"modula-item-content\">\n\n\t\t\t\t\n\t\t\t\t\t<a data-image-id=\"7109\" tabindex=\"0\" href=\"https:\/\/www.formentera.es\/wp-content\/uploads\/2019\/05\/150-santjaume2016_03_net.jpg\" rel=\"jtg-7108\" data-caption=\"\" aria-label=\"Open image in lightbox\" role=\"button\" data-cyclefilter=\"show\" data-fancybox=\"jtg-7108\" class=\"tile-inner modula-item-link\"><\/a>\n\t\t\n\t\t<img loading=\"lazy\" decoding=\"async\" class=\"pic wp-image-7109\"  data-valign=\"middle\" data-halign=\"center\" alt=\"\" data-full=\"https:\/\/www.formentera.es\/wp-content\/uploads\/2019\/05\/150-santjaume2016_03_net.jpg\" title=\"150 santjaume2016_03_net\" width=\"1900\" height=\"1267\" src=\"https:\/\/www.formentera.es\/wp-content\/uploads\/2019\/05\/150-santjaume2016_03_net.jpg\" data-src=\"https:\/\/www.formentera.es\/wp-content\/uploads\/2019\/05\/150-santjaume2016_03_net.jpg\" data-caption=\"\" srcset=\"https:\/\/www.formentera.es\/wp-content\/uploads\/2019\/05\/150-santjaume2016_03_net.jpg 1900w, https:\/\/www.formentera.es\/wp-content\/uploads\/2019\/05\/150-santjaume2016_03_net-300x200.jpg 300w, https:\/\/www.formentera.es\/wp-content\/uploads\/2019\/05\/150-santjaume2016_03_net-768x512.jpg 768w, https:\/\/www.formentera.es\/wp-content\/uploads\/2019\/05\/150-santjaume2016_03_net-1024x683.jpg 1024w\" sizes=\"auto, (max-width: 1900px) 100vw, 1900px\" \/>\n\t\t<div class=\"figc no-description\">\n\t\t\t<div class=\"figc-inner\">\n\t\t\t\t\t\t\t\t\t\t\t\t\t\t\t<\/div>\n\t\t<\/div>\n\n\t<\/div>\n\n<\/div><div class=\"modula-item effect-quiet jtg-filter-all jtg-filter-\" data-width=\"6\" data-height=\"4\" >\n\t<div class=\"modula-item-overlay\"><\/div>\n\n\t<div class=\"modula-item-content\">\n\n\t\t\t\t\n\t\t\t\t\t<a data-image-id=\"7095\" tabindex=\"0\" href=\"https:\/\/www.formentera.es\/wp-content\/uploads\/2019\/05\/150-santjaume2016_09_elenamarco-copia.jpg\" rel=\"jtg-7108\" data-caption=\"\" aria-label=\"Open image in lightbox\" role=\"button\" data-cyclefilter=\"show\" data-fancybox=\"jtg-7108\" class=\"tile-inner modula-item-link\"><\/a>\n\t\t\n\t\t<img loading=\"lazy\" decoding=\"async\" class=\"pic wp-image-7095\"  data-valign=\"middle\" data-halign=\"center\" alt=\"\" data-full=\"https:\/\/www.formentera.es\/wp-content\/uploads\/2019\/05\/150-santjaume2016_09_elenamarco-copia.jpg\" title=\"150 santjaume2016_09_elenamarco copia\" width=\"1900\" height=\"1267\" src=\"https:\/\/www.formentera.es\/wp-content\/uploads\/2019\/05\/150-santjaume2016_09_elenamarco-copia.jpg\" data-src=\"https:\/\/www.formentera.es\/wp-content\/uploads\/2019\/05\/150-santjaume2016_09_elenamarco-copia.jpg\" data-caption=\"\" srcset=\"https:\/\/www.formentera.es\/wp-content\/uploads\/2019\/05\/150-santjaume2016_09_elenamarco-copia.jpg 1900w, https:\/\/www.formentera.es\/wp-content\/uploads\/2019\/05\/150-santjaume2016_09_elenamarco-copia-300x200.jpg 300w, https:\/\/www.formentera.es\/wp-content\/uploads\/2019\/05\/150-santjaume2016_09_elenamarco-copia-768x512.jpg 768w, https:\/\/www.formentera.es\/wp-content\/uploads\/2019\/05\/150-santjaume2016_09_elenamarco-copia-1024x683.jpg 1024w\" sizes=\"auto, (max-width: 1900px) 100vw, 1900px\" \/>\n\t\t<div class=\"figc no-description\">\n\t\t\t<div class=\"figc-inner\">\n\t\t\t\t\t\t\t\t\t\t\t\t\t\t\t<\/div>\n\t\t<\/div>\n\n\t<\/div>\n\n<\/div>\t\t\n\t<\/div>\n\n\t\n\t\n\t<script type=\"application\/ld+json\">\n\t{\n\t\t\"@context\": \"http:\/\/schema.org\",\n\t\t\"@type\"   : \"ImageGallery\",\n\t\t\"id\"      : \"https:\/\/www.formentera.es\/it\/estate\/\",\n\t\t\"url\"     : \"https:\/\/www.formentera.es\/it\/estate\/\"\n\t}\n\n\t<\/script>\n\n\t\n<\/div>\n[\/vc_column_text][\/vc_column][\/vc_row][vc_row full_width=&#8221;stretch_row_content&#8221; equal_height=&#8221;yes&#8221; css=&#8221;.vc_custom_1530270547786{padding-top: 80px !important;}&#8221;][vc_column][vc_column_text el_class=&#8221;h1&#8243;]<\/p>\n<div class=\"wpb_text_column wpb_content_element h1\">\n<div class=\"wpb_wrapper\">\n<h2 style=\"text-align: center;\">Altri eventi che potrebbero interessarti<\/h2>\n<\/div>\n<\/div>\n<p>[\/vc_column_text][vc_basic_grid post_type=&#8221;post&#8221; max_items=&#8221;3&#8243; orderby=&#8221;rand&#8221; item=&#8221;60&#8243; grid_id=&#8221;vc_gid:1770110620034-ec8e470f-e3e6-2&#8243; taxonomies=&#8221;17&#8243; exclude=&#8221;7091&#8243;][\/vc_column][\/vc_row][vc_row][vc_column][vc_column_text]<\/p>\n<p>[\/vc_column_text][\/vc_column][\/vc_row][vc_row][vc_column][vc_column_text]<\/p>\n<p>[\/vc_column_text][\/vc_column][\/vc_row]<\/p>\n<\/div>","protected":false},"excerpt":{"rendered":"<p>[vc_row][vc_column width=&#8221;2\/3&#8243;][vc_column_text css=&#8221;&#8221;]Quest&#8217;estate a Formentera ti aspetteranno spiagge di sabbia fine con una caratteristica acqua [&hellip;]<\/p>\n","protected":false},"author":3,"featured_media":7106,"comment_status":"closed","ping_status":"closed","sticky":false,"template":"","format":"standard","meta":{"_acf_changed":false,"footnotes":""},"categories":[1456],"tags":[],"class_list":["post-7187","post","type-post","status-publish","format-standard","hentry","category-eventi"],"acf":[],"yoast_head":"<!-- This site is optimized with the Yoast SEO plugin v25.5 - https:\/\/yoast.com\/wordpress\/plugins\/seo\/ -->\n<title>Estate | Turismo de Formentera<\/title>\n<meta name=\"robots\" content=\"index, follow, max-snippet:-1, max-image-preview:large, max-video-preview:-1\" \/>\n<link rel=\"canonical\" href=\"https:\/\/www.formentera.es\/it\/estate\/\" \/>\n<meta property=\"og:locale\" content=\"it_IT\" \/>\n<meta property=\"og:type\" content=\"article\" \/>\n<meta property=\"og:title\" content=\"Estate | Turismo de Formentera\" \/>\n<meta property=\"og:description\" content=\"[vc_row][vc_column width=&#8221;2\/3&#8243;][vc_column_text css=&#8221;&#8221;]Quest&#8217;estate a Formentera ti aspetteranno spiagge di sabbia fine con una caratteristica acqua [&hellip;]\" \/>\n<meta property=\"og:url\" content=\"https:\/\/www.formentera.es\/it\/estate\/\" \/>\n<meta property=\"og:site_name\" content=\"Turismo de Formentera\" \/>\n<meta property=\"article:publisher\" content=\"https:\/\/www.facebook.com\/turismoformentera\/\" \/>\n<meta property=\"article:published_time\" content=\"2019-01-01T11:00:02+00:00\" \/>\n<meta property=\"article:modified_time\" content=\"2026-02-03T09:25:15+00:00\" \/>\n<meta property=\"og:image\" content=\"https:\/\/www.formentera.es\/wp-content\/uploads\/2019\/05\/150-santjaume2016_net.jpg\" \/>\n\t<meta property=\"og:image:width\" content=\"1900\" \/>\n\t<meta property=\"og:image:height\" content=\"1267\" \/>\n\t<meta property=\"og:image:type\" content=\"image\/jpeg\" \/>\n<meta name=\"author\" content=\"Patricia\" \/>\n<meta name=\"twitter:card\" content=\"summary_large_image\" \/>\n<meta name=\"twitter:creator\" content=\"@visitformentera\" \/>\n<meta name=\"twitter:site\" content=\"@visitformentera\" \/>\n<meta name=\"twitter:label1\" content=\"Scritto da\" \/>\n\t<meta name=\"twitter:data1\" content=\"Patricia\" \/>\n\t<meta name=\"twitter:label2\" content=\"Tempo di lettura stimato\" \/>\n\t<meta name=\"twitter:data2\" content=\"5 minuti\" \/>\n<script type=\"application\/ld+json\" class=\"yoast-schema-graph\">{\"@context\":\"https:\/\/schema.org\",\"@graph\":[{\"@type\":\"WebPage\",\"@id\":\"https:\/\/www.formentera.es\/it\/estate\/\",\"url\":\"https:\/\/www.formentera.es\/it\/estate\/\",\"name\":\"Estate | Turismo de Formentera\",\"isPartOf\":{\"@id\":\"https:\/\/www.formentera.es\/#website\"},\"primaryImageOfPage\":{\"@id\":\"https:\/\/www.formentera.es\/it\/estate\/#primaryimage\"},\"image\":{\"@id\":\"https:\/\/www.formentera.es\/it\/estate\/#primaryimage\"},\"thumbnailUrl\":\"https:\/\/www.formentera.es\/wp-content\/uploads\/2019\/05\/150-santjaume2016_net.jpg\",\"datePublished\":\"2019-01-01T11:00:02+00:00\",\"dateModified\":\"2026-02-03T09:25:15+00:00\",\"author\":{\"@id\":\"https:\/\/www.formentera.es\/#\/schema\/person\/b5a0b91e8ab8bc1155212d940bac3cf6\"},\"breadcrumb\":{\"@id\":\"https:\/\/www.formentera.es\/it\/estate\/#breadcrumb\"},\"inLanguage\":\"it-IT\",\"potentialAction\":[{\"@type\":\"ReadAction\",\"target\":[\"https:\/\/www.formentera.es\/it\/estate\/\"]}]},{\"@type\":\"ImageObject\",\"inLanguage\":\"it-IT\",\"@id\":\"https:\/\/www.formentera.es\/it\/estate\/#primaryimage\",\"url\":\"https:\/\/www.formentera.es\/wp-content\/uploads\/2019\/05\/150-santjaume2016_net.jpg\",\"contentUrl\":\"https:\/\/www.formentera.es\/wp-content\/uploads\/2019\/05\/150-santjaume2016_net.jpg\",\"width\":1900,\"height\":1267},{\"@type\":\"BreadcrumbList\",\"@id\":\"https:\/\/www.formentera.es\/it\/estate\/#breadcrumb\",\"itemListElement\":[{\"@type\":\"ListItem\",\"position\":1,\"name\":\"Portada\",\"item\":\"https:\/\/www.formentera.es\/it\/\"},{\"@type\":\"ListItem\",\"position\":2,\"name\":\"Estate\"}]},{\"@type\":\"WebSite\",\"@id\":\"https:\/\/www.formentera.es\/#website\",\"url\":\"https:\/\/www.formentera.es\/\",\"name\":\"Turismo de Formentera\",\"description\":\"Web oficial de Turismo de Formentera\",\"potentialAction\":[{\"@type\":\"SearchAction\",\"target\":{\"@type\":\"EntryPoint\",\"urlTemplate\":\"https:\/\/www.formentera.es\/?s={search_term_string}\"},\"query-input\":{\"@type\":\"PropertyValueSpecification\",\"valueRequired\":true,\"valueName\":\"search_term_string\"}}],\"inLanguage\":\"it-IT\"},{\"@type\":\"Person\",\"@id\":\"https:\/\/www.formentera.es\/#\/schema\/person\/b5a0b91e8ab8bc1155212d940bac3cf6\",\"name\":\"Patricia\",\"image\":{\"@type\":\"ImageObject\",\"inLanguage\":\"it-IT\",\"@id\":\"https:\/\/www.formentera.es\/#\/schema\/person\/image\/\",\"url\":\"https:\/\/secure.gravatar.com\/avatar\/f54430d487ae75849f5631f71bf6c1b6af5b6429e75821768b038da44e1b0627?s=96&d=mm&r=g\",\"contentUrl\":\"https:\/\/secure.gravatar.com\/avatar\/f54430d487ae75849f5631f71bf6c1b6af5b6429e75821768b038da44e1b0627?s=96&d=mm&r=g\",\"caption\":\"Patricia\"}}]}<\/script>\n<!-- \/ Yoast SEO plugin. -->","yoast_head_json":{"title":"Estate | Turismo de Formentera","robots":{"index":"index","follow":"follow","max-snippet":"max-snippet:-1","max-image-preview":"max-image-preview:large","max-video-preview":"max-video-preview:-1"},"canonical":"https:\/\/www.formentera.es\/it\/estate\/","og_locale":"it_IT","og_type":"article","og_title":"Estate | Turismo de Formentera","og_description":"[vc_row][vc_column width=&#8221;2\/3&#8243;][vc_column_text css=&#8221;&#8221;]Quest&#8217;estate a Formentera ti aspetteranno spiagge di sabbia fine con una caratteristica acqua [&hellip;]","og_url":"https:\/\/www.formentera.es\/it\/estate\/","og_site_name":"Turismo de Formentera","article_publisher":"https:\/\/www.facebook.com\/turismoformentera\/","article_published_time":"2019-01-01T11:00:02+00:00","article_modified_time":"2026-02-03T09:25:15+00:00","og_image":[{"width":1900,"height":1267,"url":"https:\/\/www.formentera.es\/wp-content\/uploads\/2019\/05\/150-santjaume2016_net.jpg","type":"image\/jpeg"}],"author":"Patricia","twitter_card":"summary_large_image","twitter_creator":"@visitformentera","twitter_site":"@visitformentera","twitter_misc":{"Scritto da":"Patricia","Tempo di lettura stimato":"5 minuti"},"schema":{"@context":"https:\/\/schema.org","@graph":[{"@type":"WebPage","@id":"https:\/\/www.formentera.es\/it\/estate\/","url":"https:\/\/www.formentera.es\/it\/estate\/","name":"Estate | Turismo de Formentera","isPartOf":{"@id":"https:\/\/www.formentera.es\/#website"},"primaryImageOfPage":{"@id":"https:\/\/www.formentera.es\/it\/estate\/#primaryimage"},"image":{"@id":"https:\/\/www.formentera.es\/it\/estate\/#primaryimage"},"thumbnailUrl":"https:\/\/www.formentera.es\/wp-content\/uploads\/2019\/05\/150-santjaume2016_net.jpg","datePublished":"2019-01-01T11:00:02+00:00","dateModified":"2026-02-03T09:25:15+00:00","author":{"@id":"https:\/\/www.formentera.es\/#\/schema\/person\/b5a0b91e8ab8bc1155212d940bac3cf6"},"breadcrumb":{"@id":"https:\/\/www.formentera.es\/it\/estate\/#breadcrumb"},"inLanguage":"it-IT","potentialAction":[{"@type":"ReadAction","target":["https:\/\/www.formentera.es\/it\/estate\/"]}]},{"@type":"ImageObject","inLanguage":"it-IT","@id":"https:\/\/www.formentera.es\/it\/estate\/#primaryimage","url":"https:\/\/www.formentera.es\/wp-content\/uploads\/2019\/05\/150-santjaume2016_net.jpg","contentUrl":"https:\/\/www.formentera.es\/wp-content\/uploads\/2019\/05\/150-santjaume2016_net.jpg","width":1900,"height":1267},{"@type":"BreadcrumbList","@id":"https:\/\/www.formentera.es\/it\/estate\/#breadcrumb","itemListElement":[{"@type":"ListItem","position":1,"name":"Portada","item":"https:\/\/www.formentera.es\/it\/"},{"@type":"ListItem","position":2,"name":"Estate"}]},{"@type":"WebSite","@id":"https:\/\/www.formentera.es\/#website","url":"https:\/\/www.formentera.es\/","name":"Turismo de Formentera","description":"Web oficial de Turismo de Formentera","potentialAction":[{"@type":"SearchAction","target":{"@type":"EntryPoint","urlTemplate":"https:\/\/www.formentera.es\/?s={search_term_string}"},"query-input":{"@type":"PropertyValueSpecification","valueRequired":true,"valueName":"search_term_string"}}],"inLanguage":"it-IT"},{"@type":"Person","@id":"https:\/\/www.formentera.es\/#\/schema\/person\/b5a0b91e8ab8bc1155212d940bac3cf6","name":"Patricia","image":{"@type":"ImageObject","inLanguage":"it-IT","@id":"https:\/\/www.formentera.es\/#\/schema\/person\/image\/","url":"https:\/\/secure.gravatar.com\/avatar\/f54430d487ae75849f5631f71bf6c1b6af5b6429e75821768b038da44e1b0627?s=96&d=mm&r=g","contentUrl":"https:\/\/secure.gravatar.com\/avatar\/f54430d487ae75849f5631f71bf6c1b6af5b6429e75821768b038da44e1b0627?s=96&d=mm&r=g","caption":"Patricia"}}]}},"_links":{"self":[{"href":"https:\/\/www.formentera.es\/it\/wp-json\/wp\/v2\/posts\/7187","targetHints":{"allow":["GET"]}}],"collection":[{"href":"https:\/\/www.formentera.es\/it\/wp-json\/wp\/v2\/posts"}],"about":[{"href":"https:\/\/www.formentera.es\/it\/wp-json\/wp\/v2\/types\/post"}],"author":[{"embeddable":true,"href":"https:\/\/www.formentera.es\/it\/wp-json\/wp\/v2\/users\/3"}],"replies":[{"embeddable":true,"href":"https:\/\/www.formentera.es\/it\/wp-json\/wp\/v2\/comments?post=7187"}],"version-history":[{"count":2,"href":"https:\/\/www.formentera.es\/it\/wp-json\/wp\/v2\/posts\/7187\/revisions"}],"predecessor-version":[{"id":56141,"href":"https:\/\/www.formentera.es\/it\/wp-json\/wp\/v2\/posts\/7187\/revisions\/56141"}],"wp:featuredmedia":[{"embeddable":true,"href":"https:\/\/www.formentera.es\/it\/wp-json\/wp\/v2\/media\/7106"}],"wp:attachment":[{"href":"https:\/\/www.formentera.es\/it\/wp-json\/wp\/v2\/media?parent=7187"}],"wp:term":[{"taxonomy":"category","embeddable":true,"href":"https:\/\/www.formentera.es\/it\/wp-json\/wp\/v2\/categories?post=7187"},{"taxonomy":"post_tag","embeddable":true,"href":"https:\/\/www.formentera.es\/it\/wp-json\/wp\/v2\/tags?post=7187"}],"curies":[{"name":"wp","href":"https:\/\/api.w.org\/{rel}","templated":true}]}}