{"id":6262,"date":"2019-01-01T01:00:39","date_gmt":"2019-01-01T00:00:39","guid":{"rendered":"https:\/\/www.formentera.es\/descubre-formentera-en-mayo\/"},"modified":"2026-04-15T11:32:57","modified_gmt":"2026-04-15T09:32:57","slug":"scopri-formentera-a-maggio","status":"publish","type":"post","link":"https:\/\/www.formentera.es\/it\/scopri-formentera-a-maggio\/","title":{"rendered":"Scoprite Formentera in primavera"},"content":{"rendered":"<div class=\"wpb-content-wrapper\"><p>[vc_row css=&#8221;.vc_custom_1553859652551{margin-right: 0px !important;margin-left: 0px !important;}&#8221;][vc_column width=&#8221;2\/3&#8243;][vc_column_text css=&#8221;&#8221;]<\/p>\n<div style=\"font-family: 'Satoshi', sans-serif; color: #000; line-height: 1.6; max-width: 850px; margin: 20px auto; padding: 20px;\">\n<p><strong>SCOPRI FORMENTERA IN PRIMAVERA!<\/strong><\/p>\n<p><strong>Campagna di sconti e offerte, valida dal 1\u00b0 maggio al 31 maggio<\/strong><\/p>\n<p>Durante la primavera, le giornate sono pi\u00f9 lunghe e calde, permettendoti di godere delle sue splendide spiagge, poich\u00e9 ci sono pi\u00f9 ore di luce per sfruttare al massimo la giornata. I campi sono pi\u00f9 belli che mai, ricchi di colori e profumi.<\/p>\n<p>Maggio \u00e8 un periodo ideale per trascorrere qualche giorno a Formentera. Inoltre, un ricco calendario di eventi completa questa proposta interessante:<\/p>\n<ul>\n<li>2 maggio Marnat\u00f3n E-dreams by Bale\u00e0ria<\/li>\n<li>2 maggio VI Open Caza Fotosub Apnea Formentera<\/li>\n<li>9 maggio I Formentera 4x10K<\/li>\n<li>11 &#8211; 24 maggio Settimane gastronomiche<\/li>\n<li>16 maggio XVII 1\/2 Maratona Formentera e 8K<\/li>\n<li>29 &#8211; 30 maggio Feste di Sant Ferran<\/li>\n<li>29-31 maggio Formentera Zen<\/li>\n<li>30 maggio Ultraswim Sta. Eul\u00e0lia &#8211; Es Pujols<\/li>\n<\/ul>\n<p>\u00c8 possibile usufruire di importanti offerte e sconti su compagnie marittime, alloggi, noleggio di veicoli ed esperienze. I dettagli sono riportati di seguito:<\/p>\n<p>&nbsp;<\/p>\n<p><strong><u>COMPAGNIE MARITTIME<\/u><\/strong><\/p>\n<p><strong>TRASMAPI:<\/strong><br \/>\n30% di sconto con il <strong>codice promozionale DESCUMAYO26<\/strong> &#8211; valido per viaggiare dal 01\/05 al 31\/05\/2026.<\/p>\n<p>Condizioni:<br \/>\n\u2022 Si applica all\u2019acquisto di biglietti di andata e ritorno (non si applica in caso di sola andata)<\/p>\n<ul>\n<li>Gli sconti si applicano a passeggeri e passeggeri + auto<\/li>\n<li>Offerta valida per acquistare i biglietti direttamente sul nostro sito web e alla biglietteria.<\/li>\n<\/ul>\n<p>Prenotazioni su <a href=\"http:\/\/www.trasmapi.com\">www.trasmapi.com<\/a><\/p>\n<p><strong>FORMENTERA LINES<\/strong><\/p>\n<p>30% di sconto con il <strong>codice promozionale DESFORMAYO26<\/strong> valido per viaggiare dal 01\/05 al 31\/05\/2026.<\/p>\n<p>Condizioni:<br \/>\n\u2022 Si applica all\u2019acquisto di biglietti di andata e ritorno (non si applica in caso di sola andata)<\/p>\n<ul>\n<li>Gli sconti si applicano a passeggeri e passeggeri + auto<\/li>\n<li>Offerta valida per acquistare i biglietti direttamente sul nostro sito web e alla biglietteria.<\/li>\n<\/ul>\n<p>Prenotazioni su <a href=\"http:\/\/www.formenteralines.com\">www.formenteralines.com<\/a><\/p>\n<p><strong><u>ALLOGGI<\/u><\/strong><br \/>\n<strong>APARTAMENTS LAURA PLATJA DE MITJORN<\/strong><\/p>\n<p>Prezzi speciali e sconto del 10% per soggiorni di oltre 3 notti \/ Omaggio di benvenuto \/ Check-out nel pomeriggio in base alla disponibilit\u00e0.<\/p>\n<p>Prenotazioni su <a href=\"mailto:info@canxicucastello.com\">info@canxicucastello.com<\/a><\/p>\n<p><strong>CASES TUR\u00cdSTIQUES CAN XICU CASTELL\u00d3<\/strong><\/p>\n<p>Prezzi speciali e sconto del 10% per soggiorni di oltre 3 notti \/ Omaggio di benvenuto \/ Check-out nel pomeriggio in base alla disponibilit\u00e0.<\/p>\n<p>Prenotazioni su <a href=\"mailto:info@canxicucastello.com\">info@canxicucastello.com<\/a><\/p>\n<p>&nbsp;<\/p>\n<p><strong>CAN XUMEU CARLOS<\/strong><\/p>\n<p>15% di sconto sulla tariffa per tutte le prenotazioni utilizzando il <strong>codice promozionale Consell2026.<\/strong> (Sconto non cumulabile con la nostra offerta attuale del 12% per soggiorni di 7 notti o pi\u00f9).<\/p>\n<p>Prenotazioni su <a href=\"mailto:canxumeucarlos@gmail.com\">canxumeucarlos@gmail.com<\/a><\/p>\n<p>&nbsp;<\/p>\n<p><strong>INSOTEL GROUP<\/strong><\/p>\n<p>10% di sconto con il <strong>codice promozionale DFOR26<\/strong> per soggiorni compresi dal 30\/4 al 31\/5 in:<\/p>\n<ul>\n<li>Insotel Hotel Formentera Playa<\/li>\n<li>Hostal ESPI2.<\/li>\n<\/ul>\n<p>10% di sconto con il <strong>codice promozionale DFOR26<\/strong> per soggiorni compresi dal 16\/5 al 31\/5 in:<\/p>\n<ul>\n<li>Insotel Club Maryland<\/li>\n<\/ul>\n<p>Prenotazioni su <a href=\"http:\/\/www.insotel.com\">www.insotel.com<\/a><\/p>\n<p>&nbsp;<\/p>\n<p><strong>ES PAS FORMENTERA AGROTURISMO<\/strong><\/p>\n<p>Sconto del 15% per soggiorni di 3 notti o pi\u00f9 menzionando la campagna al momento del contatto con la struttura.<\/p>\n<p>Prenotazioni a <a href=\"mailto:info@espasformentera.com\">info@espasformentera.com<\/a><\/p>\n<p><a href=\"http:\/\/www.espasformentera.com\">www.espasformentera.com<\/a><\/p>\n<p>&nbsp;<\/p>\n<p><strong>EMAR HOTELS<\/strong><\/p>\n<p>APPARTAMENTI LA GAVIOTA<\/p>\n<p>APPARTAMENTI PINOMAR<\/p>\n<p>BUNGALOWS ES PINS<\/p>\n<p>OSTELLO ES PI<\/p>\n<p>APPARTAMENTI TURISTICI AGUAMAR<\/p>\n<p>APPARTAMENTI ES PUJOLS<\/p>\n<p>APPARTAMENTI PROA<\/p>\n<p>APPARTAMENTI TIM\u00d3N<\/p>\n<p>HOTEL VORAMAR<\/p>\n<p>HOTEL ROSAMAR<\/p>\n<p>APPARTAMENTI ES POU<\/p>\n<p>CASA ES POU<\/p>\n<p>APPARTAMENTI SA BARDA<\/p>\n<p>Sconto del 10% con il <strong>codice promozionale EMARDESCOBREIX<\/strong><\/p>\n<p>Prenotazioni su <a href=\"http:\/\/www.emarhotels.com\">www.emarhotels.com<\/a><\/p>\n<p>&nbsp;<\/p>\n<p><strong>COSTA Y MAYANS<\/strong><\/p>\n<p>5% di sconto per soggiorni di 5 notti o meno<\/p>\n<p>10% di sconto per soggiorni di 7 notti o pi\u00f9<\/p>\n<p>Per prenotazioni online con il <strong>codice promozionale MAIG26<\/strong><\/p>\n<p>Maggiori informazioni e prenotazioni su <a href=\"http:\/\/www.costaymayans.com\">www.costaymayans.com<\/a>, via e-mail a <a href=\"mailto:costaymayans@telefonica.net\">costaymayans@telefonica.net<\/a> o al telefono +34 676 414 417.<\/p>\n<p>&nbsp;<\/p>\n<p><strong>ASTBURY<\/strong><br \/>\n5% di sconto su soggiorni di 3 notti o pi\u00f9 negli alloggi per prenotazioni online con il <strong>codice promozionale<\/strong> <strong>ASTBURYTURISME10<\/strong>:<\/p>\n<ul>\n<li>Can Miguel Marti Bungalows<\/li>\n<li>Appartamenti Campanitx<\/li>\n<li>Ville Campanitx<\/li>\n<\/ul>\n<p>Maggiori informazioni e prenotazioni su <a href=\"http:\/\/www.astburyformentera.es\">www.astburyformentera.es<\/a> o telefonicamente al +34 971 323 505 o +34 651 805 657<\/p>\n<p><strong>\u00a0<\/strong><\/p>\n<p><strong>APARTAMENTOS VISTA VEDR\u00c0<\/strong><\/p>\n<p>10% di sconto sulle prenotazioni online con il codice promozionale <strong>MAYO10<\/strong>.<br \/>\nMaggiori informazioni e prenotazioni su <a href=\"http:\/\/www.apartamentosvistavedra.com\">www.apartamentosvistavedra.com<\/a><\/p>\n<p>&nbsp;<\/p>\n<p><strong>PARA\u00cdSO DE LOS PINOS<\/strong><\/p>\n<p>10% di sconto sulle prenotazioni online con il codice promozionale <strong>PRIMAVERA26<\/strong>.<br \/>\nMaggiori informazioni e prenotazioni su <a href=\"http:\/\/www.paraisodelospinos.com\">www.paraisodelospinos.com<\/a><\/p>\n<p>&nbsp;<\/p>\n<p><strong>HOSTAL MAR BLAU<\/strong><\/p>\n<p>10% di sconto e omaggio di cortesia.<\/p>\n<p>Prenotazioni: <a href=\"mailto:jrafalet@gmail.com\">jrafalet@gmail.com<\/a><\/p>\n<p>&nbsp;<\/p>\n<p><strong>CASA CAN MESTRE<\/strong><\/p>\n<p>10% di sconto e omaggio di cortesia.<\/p>\n<p>Prenotazioni: <a href=\"mailto:jrafalet@gmail.com\">jrafalet@gmail.com<\/a><\/p>\n<p>&nbsp;<\/p>\n<p><strong><u>NOLEGGIO VEICOLI<\/u><\/strong><\/p>\n<p><strong>LA MOLA RENT<\/strong><\/div>\n<div style=\"font-family: 'Satoshi', sans-serif; color: #000; line-height: 1.6; max-width: 850px; margin: 20px auto; padding: 20px;\">\n<p>26 % di sconto sulle prenotazioni online con il <strong>codice promozionale PRIMAVERA26<\/strong>.<br \/>\nPrenotazioni su <a href=\"http:\/\/www.lamolarent.com\">www.lamolarent.com<\/a><\/p>\n<p>&nbsp;<\/p>\n<p><strong>MOTORENT PUJOLS<\/strong><\/p>\n<p>10% di sconto con il <strong>codice promozionale Primavera26<\/strong> per prenotazioni online sul nostro sito web.<\/p>\n<p>Prenotazioni su <a href=\"http:\/\/www.motorentpujols.com\">www.motorentpujols.com<\/a><\/p>\n<p><strong>RENT A CAR SAN FERNANDO<\/strong><\/p>\n<p>10% di sconto su tutte le prenotazioni online utilizzando il <strong>codice promozionale PROMOMAYO26.<br \/>\n<\/strong>Prenotazioni su <a href=\"http:\/\/www.rentacarsanfernando.com\">www.rentacarsanfernando.com<\/a><\/p>\n<p><strong>FORMENTERA RENT A MOTO<\/strong><\/p>\n<p>10% di sconto su tutte le prenotazioni online utilizzando il <strong>codice promozionale PROMOMAYO26.<br \/>\n<\/strong>Prenotazioni su <a href=\"http:\/\/www.formenterarentamoto.com\">www.formenterarentamoto.com<\/a><\/p>\n<p><strong>MOTO RENT MITJORN<\/strong><\/p>\n<p>10% di sconto aggiuntivo al 15% esistente prenotando tramite il sito web utilizzando il <strong>codice promozionale PRIMAVERA2026<\/strong>.<\/p>\n<p>Prenotazioni su <a href=\"http:\/\/www.mitjornmotorent.com\">www.mitjornmotorent.com<\/a><\/p>\n<p><strong>BLUE AUTOS<\/strong><\/p>\n<p>10% di sconto su tutte le prenotazioni online utilizzando il <strong>codice promozionale PRIMAVERA26.<br \/>\n<\/strong>Prenotazioni su <a href=\"http:\/\/www.blueautosrentacar.com\">www.blueautosrentacar.com<\/a><\/p>\n<p><strong><u>RISTORAZIONE<\/u><\/strong><br \/>\n<strong>CAF\u00c9 28 FORMENTERA<\/strong><\/p>\n<p>10% di sconto sul men\u00f9 e sul cibo da asporto (men\u00f9 del giorno escluso).<\/p>\n<p><strong><u>ESPERIENZE E ALTRI SERVIZI<\/u><\/strong><\/p>\n<p><strong>FORMENTERA DIVERS<\/strong><\/p>\n<p>10% di sconto sulle attivit\u00e0 durante il periodo indicato.<\/p>\n<p>Prenotazioni su <a href=\"http:\/\/www.formenteradivers.com\">www.formenteradivers.com<\/a><\/p>\n<p>&nbsp;<\/p>\n<p><strong>WHITE SAND SURF<br \/>\n<\/strong>20% di sconto sul noleggio di paddle surf a Illetes.<br \/>\n20% di sconto sul noleggio di kayak per andare a Espalmador.<br \/>\n50% di sconto per residenti e lavoratori sull\u2019isola.<\/p>\n<p>Maggiori informazioni e prenotazioni su <a href=\"http:\/\/www.whitesandsurf.es\">www.whitesandsurf.es<\/a><\/p>\n<p>&nbsp;<\/p>\n<p><strong>EXPERIENCE SEA<\/strong><\/p>\n<p>Sei tu a stabilire la rotta. Sei tu a decidere il piano. Solo mare, sole e libert\u00e0. Trasforma la tua giornata in mare in una <strong>EXPERIENCE SEA<\/strong> indimenticabile. Sentiti come sulla tua barca a Formentera e scopri l\u2019isola in totale libert\u00e0. Facile, sicuro e pensato per farti godere fin dal primo momento. Rendi la tua esperienza unica.<\/p>\n<p>Sconto del 10% sul noleggio di imbarcazioni con il <strong>codice promozionale PRIMAVERAEXPERIENCE<\/strong> per prenotazioni tramite WhatsApp al +34 618 983 600 oppure via e-mail a <a href=\"mailto:marisa@experiencesea.es\">marisa@experiencesea.es<\/a><\/p>\n<p>Maggiori informazioni su <a href=\"http:\/\/www.experiencesea.es\">www.experiencesea.es<\/a><\/p>\n<p>&nbsp;<\/p>\n<p><strong>@elcielodeformentera<\/strong><br \/>\nDal mare all\u2019universo.<br \/>\nEsplora stelle, pianeti e satelliti naturali con telescopi professionali.<br \/>\n10% di sconto sulle osservazioni astronomiche private.<br \/>\nTel. +34 722 887 280<\/p>\n<p>&nbsp;<\/p>\n<p><strong>DIME FORMENTERA<\/strong><br \/>\n10% di sconto sul servizio principale di autista privato.<br \/>\nMaggiori informazioni e altri servizi su <a href=\"http:\/\/www.dimeformentera.com\">www.dimeformentera.com<\/a><br \/>\nTel. +34 722 887 280<\/div>\n<p>[\/vc_column_text][\/vc_column][vc_column width=&#8221;1\/3&#8243;][vc_column_text]<div id=\"sidebar_ficha\"><div class=\"spost\"><div class=\"tag\">Maggio<\/div><\/div><div class=\"bloc_share\"><div class=\"tit_medium\">Condividi<\/div><div class=\"redes_ficha\"><div class=\"fa fa fa-brands fa-x-twitter st-custom-button\" data-network=\"twitter\"><\/div><div class=\"fa fa-facebook st-custom-button\" data-network=\"facebook\"><\/div><div class=\"fa fa-pinterest-p st-custom-button\" data-network=\"pinterest\"><\/div><\/div><div class=\"tit_medium\">Invia ad un amico<\/div><div class=\"redes_ficha\"><div class=\"fa fa-envelope st-custom-button\" data-network=\"email\"><\/div><div class=\"fa fa-whatsapp st-custom-button\" data-network=\"whatsapp\"><\/div><\/div><\/div><\/div>[\/vc_column_text][vc_single_image image=&#8221;56619&#8243; img_size=&#8221;full&#8221; onclick=&#8221;link_image&#8221; css=&#8221;&#8221; el_class=&#8221;sidebar60&#8243;][\/vc_column][\/vc_row][vc_row full_width=&#8221;stretch_row_content_no_spaces&#8221;][vc_column][vc_column_text]<style>#jtg-1873 .modula-item .jtg-social a, .lightbox-socials.jtg-social a{ fill: #ffffff; color: #ffffff }#jtg-1873 .modula-item .jtg-social-mobile a{ fill: #ffffff; color: #ffffff }#jtg-1873 .modula-item .jtg-social svg, .lightbox-socials.jtg-social svg { height: 16px; width: 16px }#jtg-1873 .modula-item .jtg-social-mobile svg { height: 16px; width: 16px }#jtg-1873 .modula-item .jtg-social a:not(:last-child), .lightbox-socials.jtg-social a:not(:last-child) { margin-right: 10px }#jtg-1873 .modula-item .jtg-social-mobile .jtg-social-mobile-icons a:not(:last-child){ margin-right: 10px }#jtg-1873 .modula-item .figc {color:#ffffff;}#jtg-1873 .modula-item .modula-item-content { transform: scale(1) }#jtg-1873 .modula-items .figc p.description { font-size:14px; }#jtg-1873 .modula-items .figc p.description { color:#ffffff;}#jtg-1873.modula-gallery .modula-item > a, #jtg-1873.modula-gallery .modula-item, #jtg-1873.modula-gallery .modula-item-content > a:not(.modula-no-follow) { cursor:zoom-in; } #jtg-1873.modula-gallery .modula-item-content .modula-no-follow { cursor: default; } #jtg-1873 .modula-item { background-color:#000000; }#jtg-1873 .modula-item:hover img { opacity: 0.5; }#jtg-1873 .modula-item { transform: scale(1) translate(0px,0px) rotate(0deg); }@media screen and (max-width:480px){#jtg-1873 .modula-item .figc .jtg-title {  font-size: 12px; }#jtg-1873 .modula-items .figc p.description { color:#ffffff;font-size:10px; }}<\/style>\n<div  id=\"jtg-1873\" class=\"modula modula-gallery modula-custom-grid\" data-config=\"{&quot;height&quot;:800,&quot;tabletHeight&quot;:800,&quot;mobileHeight&quot;:800,&quot;desktopHeight&quot;:800,&quot;enableTwitter&quot;:false,&quot;enableWhatsapp&quot;:false,&quot;enableFacebook&quot;:false,&quot;enablePinterest&quot;:false,&quot;enableLinkedin&quot;:false,&quot;enableEmail&quot;:false,&quot;randomFactor&quot;:0.5,&quot;type&quot;:&quot;custom-grid&quot;,&quot;columns&quot;:12,&quot;gutter&quot;:10,&quot;mobileGutter&quot;:10,&quot;tabletGutter&quot;:10,&quot;desktopGutter&quot;:10,&quot;enableResponsive&quot;:true,&quot;tabletColumns&quot;:2,&quot;mobileColumns&quot;:1,&quot;lazyLoad&quot;:&quot;0&quot;,&quot;lightboxOpts&quot;:{&quot;animated&quot;:true,&quot;Thumbs&quot;:{&quot;type&quot;:&quot;modern&quot;,&quot;showOnStart&quot;:false},&quot;Toolbar&quot;:{&quot;display&quot;:{&quot;right&quot;:[&quot;close&quot;]},&quot;enabled&quot;:true},&quot;Carousel&quot;:{&quot;Panzoom&quot;:{&quot;touch&quot;:false},&quot;infinite&quot;:false},&quot;keyboard&quot;:{&quot;Escape&quot;:&quot;close&quot;,&quot;Delete&quot;:&quot;close&quot;,&quot;Backspace&quot;:&quot;close&quot;,&quot;PageUp&quot;:false,&quot;PageDown&quot;:false,&quot;ArrowUp&quot;:false,&quot;ArrowDown&quot;:false,&quot;ArrowRight&quot;:false,&quot;ArrowLeft&quot;:false},&quot;touch&quot;:false,&quot;backdropClick&quot;:false,&quot;l10n&quot;:{&quot;CLOSE&quot;:&quot;Close&quot;,&quot;NEXT&quot;:&quot;Next&quot;,&quot;PREV&quot;:&quot;Previous&quot;,&quot;Error&quot;:&quot;The requested content cannot be loaded. Please try again later.&quot;,&quot;PLAY_START&quot;:&quot;Start slideshow&quot;,&quot;PLAY_STOP&quot;:&quot;Pause slideshow&quot;,&quot;FULL_SCREEN&quot;:&quot;Full screen&quot;,&quot;THUMBS&quot;:&quot;Thumbnails&quot;,&quot;DOWNLOAD&quot;:&quot;Download&quot;,&quot;SHARE&quot;:&quot;Share&quot;,&quot;ZOOM&quot;:&quot;Zoom&quot;,&quot;EMAIL&quot;:&quot;Here is the link to the image : %%image_link%% and this is the link to the gallery : %%gallery_link%%&quot;,&quot;MODAL&quot;:&quot;You can close this modal content with the ESC key&quot;,&quot;ERROR&quot;:&quot;Something Went Wrong, Please Try Again Later&quot;,&quot;IMAGE_ERROR&quot;:&quot;Image Not Found&quot;,&quot;ELEMENT_NOT_FOUND&quot;:&quot;HTML Element Not Found&quot;,&quot;AJAX_NOT_FOUND&quot;:&quot;Error Loading AJAX : Not Found&quot;,&quot;AJAX_FORBIDDEN&quot;:&quot;Error Loading AJAX : Forbidden&quot;,&quot;IFRAME_ERROR&quot;:&quot;Error Loading Page&quot;,&quot;TOGGLE_ZOOM&quot;:&quot;Toggle zoom level&quot;,&quot;TOGGLE_THUMBS&quot;:&quot;Toggle thumbnails&quot;,&quot;TOGGLE_SLIDESHOW&quot;:&quot;Toggle slideshow&quot;,&quot;TOGGLE_FULLSCREEN&quot;:&quot;Toggle full-screen mode&quot;},&quot;Images&quot;:{&quot;Panzoom&quot;:{&quot;maxScale&quot;:2}},&quot;mainClass&quot;:&quot;modula-fancybox-container modula-lightbox-jtg-1873&quot;,&quot;Html&quot;:{&quot;videoAutoplay&quot;:0,&quot;videoTpl&quot;:&quot;&lt;video class=\\&quot;fancybox__html5video\\&quot; controls muted playsinline controlsList controlsList=\\&quot;nodownload\\&quot; poster=\\&quot;{{poster}}\\&quot; src=\\&quot;{{src}}\\&quot; type=\\&quot;{{format}}\\&quot; &gt;  Sorry, your browser doesn&#039;t support embedded videos, &lt;a href=\\&quot;{{src}}\\&quot;&gt; download &lt;\\\/a&gt; and watch with your favorite video player! &lt;\\\/video&gt;&quot;}},&quot;inView&quot;:false,&quot;email_subject&quot;:&quot;\\u00a1\\u00a1Mira esta impresionante imagen!!&quot;,&quot;email_message&quot;:&quot;Este es el enlace a la imagen: %%image_link%% y este es el enlace a la galer\\u00eda: %%gallery_link%%&quot;,&quot;lightbox&quot;:&quot;fancybox&quot;,&quot;filterClick&quot;:&quot;0&quot;,&quot;defaultActiveFilter&quot;:&quot;all&quot;}\">\n\n\t\n\t<div  class=\"modula-items\">\n\t\t<div class=\"modula-item effect-quiet jtg-filter-all jtg-filter-\" data-width=\"12\" data-height=\"6\" >\n\t<div class=\"modula-item-overlay\"><\/div>\n\n\t<div class=\"modula-item-content\">\n\n\t\t\t\t\n\t\t\t\t\t<a data-image-id=\"1874\" tabindex=\"0\" href=\"https:\/\/www.formentera.es\/wp-content\/uploads\/2019\/01\/Raco\u0301-de-Sa-Pujada.jpg\" rel=\"jtg-1873\" data-caption=\"\" aria-label=\"Open image in lightbox\" role=\"button\" data-cyclefilter=\"show\" data-fancybox=\"jtg-1873\" class=\"tile-inner modula-item-link\"><\/a>\n\t\t\n\t\t<img loading=\"lazy\" decoding=\"async\" class=\"pic wp-image-1874\"  data-valign=\"middle\" data-halign=\"center\" alt=\"\" data-full=\"https:\/\/www.formentera.es\/wp-content\/uploads\/2019\/01\/Raco\u0301-de-Sa-Pujada.jpg\" title=\"Raco\u0301 de Sa Pujada\" width=\"1900\" height=\"1267\" src=\"https:\/\/www.formentera.es\/wp-content\/uploads\/2019\/01\/Raco\u0301-de-Sa-Pujada.jpg\" data-src=\"https:\/\/www.formentera.es\/wp-content\/uploads\/2019\/01\/Raco\u0301-de-Sa-Pujada.jpg\" data-caption=\"\" srcset=\"https:\/\/www.formentera.es\/wp-content\/uploads\/2019\/01\/Raco\u0301-de-Sa-Pujada.jpg 1900w, https:\/\/www.formentera.es\/wp-content\/uploads\/2019\/01\/Raco\u0301-de-Sa-Pujada-300x200.jpg 300w, https:\/\/www.formentera.es\/wp-content\/uploads\/2019\/01\/Raco\u0301-de-Sa-Pujada-768x512.jpg 768w, https:\/\/www.formentera.es\/wp-content\/uploads\/2019\/01\/Raco\u0301-de-Sa-Pujada-1024x683.jpg 1024w\" sizes=\"auto, (max-width: 1900px) 100vw, 1900px\" \/>\n\t\t<div class=\"figc no-description\">\n\t\t\t<div class=\"figc-inner\">\n\t\t\t\t\t\t\t\t\t\t\t\t\t\t\t<\/div>\n\t\t<\/div>\n\n\t<\/div>\n\n<\/div><div class=\"modula-item effect-quiet jtg-filter-all jtg-filter-\" data-width=\"6\" data-height=\"6\" >\n\t<div class=\"modula-item-overlay\"><\/div>\n\n\t<div class=\"modula-item-content\">\n\n\t\t\t\t\n\t\t\t\t\t<a data-image-id=\"1876\" tabindex=\"0\" href=\"https:\/\/www.formentera.es\/wp-content\/uploads\/2019\/01\/Senderismo_Moonkoala.jpg\" rel=\"jtg-1873\" data-caption=\"\" aria-label=\"Open image in lightbox\" role=\"button\" data-cyclefilter=\"show\" data-fancybox=\"jtg-1873\" class=\"tile-inner modula-item-link\"><\/a>\n\t\t\n\t\t<img loading=\"lazy\" decoding=\"async\" class=\"pic wp-image-1876\"  data-valign=\"middle\" data-halign=\"center\" alt=\"\" data-full=\"https:\/\/www.formentera.es\/wp-content\/uploads\/2019\/01\/Senderismo_Moonkoala.jpg\" title=\"Senderismo_Moonkoala\" width=\"1900\" height=\"1267\" src=\"https:\/\/www.formentera.es\/wp-content\/uploads\/2019\/01\/Senderismo_Moonkoala.jpg\" data-src=\"https:\/\/www.formentera.es\/wp-content\/uploads\/2019\/01\/Senderismo_Moonkoala.jpg\" data-caption=\"\" srcset=\"https:\/\/www.formentera.es\/wp-content\/uploads\/2019\/01\/Senderismo_Moonkoala.jpg 1900w, https:\/\/www.formentera.es\/wp-content\/uploads\/2019\/01\/Senderismo_Moonkoala-300x200.jpg 300w, https:\/\/www.formentera.es\/wp-content\/uploads\/2019\/01\/Senderismo_Moonkoala-768x512.jpg 768w, https:\/\/www.formentera.es\/wp-content\/uploads\/2019\/01\/Senderismo_Moonkoala-1024x683.jpg 1024w\" sizes=\"auto, (max-width: 1900px) 100vw, 1900px\" \/>\n\t\t<div class=\"figc no-description\">\n\t\t\t<div class=\"figc-inner\">\n\t\t\t\t\t\t\t\t\t\t\t\t\t\t\t<\/div>\n\t\t<\/div>\n\n\t<\/div>\n\n<\/div><div class=\"modula-item effect-quiet jtg-filter-all jtg-filter-\" data-width=\"6\" data-height=\"6\" >\n\t<div class=\"modula-item-overlay\"><\/div>\n\n\t<div class=\"modula-item-content\">\n\n\t\t\t\t\n\t\t\t\t\t<a data-image-id=\"1875\" tabindex=\"0\" href=\"https:\/\/www.formentera.es\/wp-content\/uploads\/2019\/01\/rutes_verdes_01.jpg\" rel=\"jtg-1873\" data-caption=\"\" aria-label=\"Open image in lightbox\" role=\"button\" data-cyclefilter=\"show\" data-fancybox=\"jtg-1873\" class=\"tile-inner modula-item-link\"><\/a>\n\t\t\n\t\t<img loading=\"lazy\" decoding=\"async\" class=\"pic wp-image-1875\"  data-valign=\"middle\" data-halign=\"center\" alt=\"\" data-full=\"https:\/\/www.formentera.es\/wp-content\/uploads\/2019\/01\/rutes_verdes_01.jpg\" title=\"rutes_verdes_01\" width=\"1900\" height=\"1267\" src=\"https:\/\/www.formentera.es\/wp-content\/uploads\/2019\/01\/rutes_verdes_01.jpg\" data-src=\"https:\/\/www.formentera.es\/wp-content\/uploads\/2019\/01\/rutes_verdes_01.jpg\" data-caption=\"\" srcset=\"https:\/\/www.formentera.es\/wp-content\/uploads\/2019\/01\/rutes_verdes_01.jpg 1900w, https:\/\/www.formentera.es\/wp-content\/uploads\/2019\/01\/rutes_verdes_01-300x200.jpg 300w, https:\/\/www.formentera.es\/wp-content\/uploads\/2019\/01\/rutes_verdes_01-768x512.jpg 768w, https:\/\/www.formentera.es\/wp-content\/uploads\/2019\/01\/rutes_verdes_01-1024x683.jpg 1024w\" sizes=\"auto, (max-width: 1900px) 100vw, 1900px\" \/>\n\t\t<div class=\"figc no-description\">\n\t\t\t<div class=\"figc-inner\">\n\t\t\t\t\t\t\t\t\t\t\t\t\t\t\t<\/div>\n\t\t<\/div>\n\n\t<\/div>\n\n<\/div><div class=\"modula-item effect-quiet jtg-filter-all jtg-filter-\" data-width=\"9\" data-height=\"6\" >\n\t<div class=\"modula-item-overlay\"><\/div>\n\n\t<div class=\"modula-item-content\">\n\n\t\t\t\t\n\t\t\t\t\t<a data-image-id=\"1881\" tabindex=\"0\" href=\"https:\/\/www.formentera.es\/wp-content\/uploads\/2019\/01\/GOPRO-Nadando-en-poseidonia.jpg\" rel=\"jtg-1873\" data-caption=\"\" aria-label=\"Open image in lightbox\" role=\"button\" data-cyclefilter=\"show\" data-fancybox=\"jtg-1873\" class=\"tile-inner modula-item-link\"><\/a>\n\t\t\n\t\t<img loading=\"lazy\" decoding=\"async\" class=\"pic wp-image-1881\"  data-valign=\"middle\" data-halign=\"center\" alt=\"\" data-full=\"https:\/\/www.formentera.es\/wp-content\/uploads\/2019\/01\/GOPRO-Nadando-en-poseidonia.jpg\" title=\"GOPRO Nadando en poseidonia\" width=\"1900\" height=\"1425\" src=\"https:\/\/www.formentera.es\/wp-content\/uploads\/2019\/01\/GOPRO-Nadando-en-poseidonia.jpg\" data-src=\"https:\/\/www.formentera.es\/wp-content\/uploads\/2019\/01\/GOPRO-Nadando-en-poseidonia.jpg\" data-caption=\"\" srcset=\"https:\/\/www.formentera.es\/wp-content\/uploads\/2019\/01\/GOPRO-Nadando-en-poseidonia.jpg 1900w, https:\/\/www.formentera.es\/wp-content\/uploads\/2019\/01\/GOPRO-Nadando-en-poseidonia-300x225.jpg 300w, https:\/\/www.formentera.es\/wp-content\/uploads\/2019\/01\/GOPRO-Nadando-en-poseidonia-768x576.jpg 768w, https:\/\/www.formentera.es\/wp-content\/uploads\/2019\/01\/GOPRO-Nadando-en-poseidonia-1024x768.jpg 1024w\" sizes=\"auto, (max-width: 1900px) 100vw, 1900px\" \/>\n\t\t<div class=\"figc no-description\">\n\t\t\t<div class=\"figc-inner\">\n\t\t\t\t\t\t\t\t\t\t\t\t\t\t\t<\/div>\n\t\t<\/div>\n\n\t<\/div>\n\n<\/div><div class=\"modula-item effect-quiet jtg-filter-all jtg-filter-\" data-width=\"3\" data-height=\"3\" >\n\t<div class=\"modula-item-overlay\"><\/div>\n\n\t<div class=\"modula-item-content\">\n\n\t\t\t\t\n\t\t\t\t\t<a data-image-id=\"1878\" tabindex=\"0\" href=\"https:\/\/www.formentera.es\/wp-content\/uploads\/2019\/01\/3\u00ba-RE\u0301FLEX-ALBERT-LERYCKE.jpg\" rel=\"jtg-1873\" data-caption=\"\" aria-label=\"Open image in lightbox\" role=\"button\" data-cyclefilter=\"show\" data-fancybox=\"jtg-1873\" class=\"tile-inner modula-item-link\"><\/a>\n\t\t\n\t\t<img loading=\"lazy\" decoding=\"async\" class=\"pic wp-image-1878\"  data-valign=\"middle\" data-halign=\"center\" alt=\"\" data-full=\"https:\/\/www.formentera.es\/wp-content\/uploads\/2019\/01\/3\u00ba-RE\u0301FLEX-ALBERT-LERYCKE.jpg\" title=\"3\u00ba RE\u0301FLEX &#8211; ALBERT LERYCKE\" width=\"1900\" height=\"1262\" src=\"https:\/\/www.formentera.es\/wp-content\/uploads\/2019\/01\/3\u00ba-RE\u0301FLEX-ALBERT-LERYCKE.jpg\" data-src=\"https:\/\/www.formentera.es\/wp-content\/uploads\/2019\/01\/3\u00ba-RE\u0301FLEX-ALBERT-LERYCKE.jpg\" data-caption=\"\" srcset=\"https:\/\/www.formentera.es\/wp-content\/uploads\/2019\/01\/3\u00ba-RE\u0301FLEX-ALBERT-LERYCKE.jpg 1900w, https:\/\/www.formentera.es\/wp-content\/uploads\/2019\/01\/3\u00ba-RE\u0301FLEX-ALBERT-LERYCKE-300x199.jpg 300w, https:\/\/www.formentera.es\/wp-content\/uploads\/2019\/01\/3\u00ba-RE\u0301FLEX-ALBERT-LERYCKE-768x510.jpg 768w, https:\/\/www.formentera.es\/wp-content\/uploads\/2019\/01\/3\u00ba-RE\u0301FLEX-ALBERT-LERYCKE-1024x680.jpg 1024w\" sizes=\"auto, (max-width: 1900px) 100vw, 1900px\" \/>\n\t\t<div class=\"figc no-description\">\n\t\t\t<div class=\"figc-inner\">\n\t\t\t\t\t\t\t\t\t\t\t\t\t\t\t<\/div>\n\t\t<\/div>\n\n\t<\/div>\n\n<\/div><div class=\"modula-item effect-quiet jtg-filter-all jtg-filter-\" data-width=\"3\" data-height=\"3\" >\n\t<div class=\"modula-item-overlay\"><\/div>\n\n\t<div class=\"modula-item-content\">\n\n\t\t\t\t\n\t\t\t\t\t<a data-image-id=\"1882\" tabindex=\"0\" href=\"https:\/\/www.formentera.es\/wp-content\/uploads\/2019\/01\/Vellmari-2015.jpg\" rel=\"jtg-1873\" data-caption=\"\" aria-label=\"Open image in lightbox\" role=\"button\" data-cyclefilter=\"show\" data-fancybox=\"jtg-1873\" class=\"tile-inner modula-item-link\"><\/a>\n\t\t\n\t\t<img loading=\"lazy\" decoding=\"async\" class=\"pic wp-image-1882\"  data-valign=\"middle\" data-halign=\"center\" alt=\"\" data-full=\"https:\/\/www.formentera.es\/wp-content\/uploads\/2019\/01\/Vellmari-2015.jpg\" title=\"Vellmari 2015\" width=\"1900\" height=\"1472\" src=\"https:\/\/www.formentera.es\/wp-content\/uploads\/2019\/01\/Vellmari-2015.jpg\" data-src=\"https:\/\/www.formentera.es\/wp-content\/uploads\/2019\/01\/Vellmari-2015.jpg\" data-caption=\"\" srcset=\"https:\/\/www.formentera.es\/wp-content\/uploads\/2019\/01\/Vellmari-2015.jpg 1900w, https:\/\/www.formentera.es\/wp-content\/uploads\/2019\/01\/Vellmari-2015-300x232.jpg 300w, https:\/\/www.formentera.es\/wp-content\/uploads\/2019\/01\/Vellmari-2015-768x595.jpg 768w, https:\/\/www.formentera.es\/wp-content\/uploads\/2019\/01\/Vellmari-2015-1024x793.jpg 1024w\" sizes=\"auto, (max-width: 1900px) 100vw, 1900px\" \/>\n\t\t<div class=\"figc no-description\">\n\t\t\t<div class=\"figc-inner\">\n\t\t\t\t\t\t\t\t\t\t\t\t\t\t\t<\/div>\n\t\t<\/div>\n\n\t<\/div>\n\n<\/div><div class=\"modula-item effect-quiet jtg-filter-all jtg-filter-\" data-width=\"4\" data-height=\"3\" >\n\t<div class=\"modula-item-overlay\"><\/div>\n\n\t<div class=\"modula-item-content\">\n\n\t\t\t\t\n\t\t\t\t\t<a data-image-id=\"1880\" tabindex=\"0\" href=\"https:\/\/www.formentera.es\/wp-content\/uploads\/2019\/01\/DIVING_Amparo-Arias.jpg\" rel=\"jtg-1873\" data-caption=\"\" aria-label=\"Open image in lightbox\" role=\"button\" data-cyclefilter=\"show\" data-fancybox=\"jtg-1873\" class=\"tile-inner modula-item-link\"><\/a>\n\t\t\n\t\t<img loading=\"lazy\" decoding=\"async\" class=\"pic wp-image-1880\"  data-valign=\"middle\" data-halign=\"center\" alt=\"\" data-full=\"https:\/\/www.formentera.es\/wp-content\/uploads\/2019\/01\/DIVING_Amparo-Arias.jpg\" title=\"OLYMPUS DIGITAL CAMERA\" width=\"1900\" height=\"1425\" src=\"https:\/\/www.formentera.es\/wp-content\/uploads\/2019\/01\/DIVING_Amparo-Arias.jpg\" data-src=\"https:\/\/www.formentera.es\/wp-content\/uploads\/2019\/01\/DIVING_Amparo-Arias.jpg\" data-caption=\"OLYMPUS DIGITAL CAMERA\" srcset=\"https:\/\/www.formentera.es\/wp-content\/uploads\/2019\/01\/DIVING_Amparo-Arias.jpg 1900w, https:\/\/www.formentera.es\/wp-content\/uploads\/2019\/01\/DIVING_Amparo-Arias-300x225.jpg 300w, https:\/\/www.formentera.es\/wp-content\/uploads\/2019\/01\/DIVING_Amparo-Arias-768x576.jpg 768w, https:\/\/www.formentera.es\/wp-content\/uploads\/2019\/01\/DIVING_Amparo-Arias-1024x768.jpg 1024w\" sizes=\"auto, (max-width: 1900px) 100vw, 1900px\" \/>\n\t\t<div class=\"figc\">\n\t\t\t<div class=\"figc-inner\">\n\t\t\t\t\t\t\t\t\t\t\t\t\t\t\t<\/div>\n\t\t<\/div>\n\n\t<\/div>\n\n<\/div><div class=\"modula-item effect-quiet jtg-filter-all jtg-filter-\" data-width=\"8\" data-height=\"6\" >\n\t<div class=\"modula-item-overlay\"><\/div>\n\n\t<div class=\"modula-item-content\">\n\n\t\t\t\t\n\t\t\t\t\t<a data-image-id=\"1877\" tabindex=\"0\" href=\"https:\/\/www.formentera.es\/wp-content\/uploads\/2019\/01\/1\u00ba-RE\u0301FLEX-DAVID-PEREA.jpg\" rel=\"jtg-1873\" data-caption=\"\" aria-label=\"Open image in lightbox\" role=\"button\" data-cyclefilter=\"show\" data-fancybox=\"jtg-1873\" class=\"tile-inner modula-item-link\"><\/a>\n\t\t\n\t\t<img loading=\"lazy\" decoding=\"async\" class=\"pic wp-image-1877\"  data-valign=\"middle\" data-halign=\"center\" alt=\"\" data-full=\"https:\/\/www.formentera.es\/wp-content\/uploads\/2019\/01\/1\u00ba-RE\u0301FLEX-DAVID-PEREA.jpg\" title=\"1\u00ba RE\u0301FLEX &#8211; DAVID PEREA\" width=\"1900\" height=\"1276\" src=\"https:\/\/www.formentera.es\/wp-content\/uploads\/2019\/01\/1\u00ba-RE\u0301FLEX-DAVID-PEREA.jpg\" data-src=\"https:\/\/www.formentera.es\/wp-content\/uploads\/2019\/01\/1\u00ba-RE\u0301FLEX-DAVID-PEREA.jpg\" data-caption=\"\" srcset=\"https:\/\/www.formentera.es\/wp-content\/uploads\/2019\/01\/1\u00ba-RE\u0301FLEX-DAVID-PEREA.jpg 1900w, https:\/\/www.formentera.es\/wp-content\/uploads\/2019\/01\/1\u00ba-RE\u0301FLEX-DAVID-PEREA-300x201.jpg 300w, https:\/\/www.formentera.es\/wp-content\/uploads\/2019\/01\/1\u00ba-RE\u0301FLEX-DAVID-PEREA-768x516.jpg 768w, https:\/\/www.formentera.es\/wp-content\/uploads\/2019\/01\/1\u00ba-RE\u0301FLEX-DAVID-PEREA-1024x688.jpg 1024w\" sizes=\"auto, (max-width: 1900px) 100vw, 1900px\" \/>\n\t\t<div class=\"figc no-description\">\n\t\t\t<div class=\"figc-inner\">\n\t\t\t\t\t\t\t\t\t\t\t\t\t\t\t<\/div>\n\t\t<\/div>\n\n\t<\/div>\n\n<\/div><div class=\"modula-item effect-quiet jtg-filter-all jtg-filter-\" data-width=\"4\" data-height=\"3\" >\n\t<div class=\"modula-item-overlay\"><\/div>\n\n\t<div class=\"modula-item-content\">\n\n\t\t\t\t\n\t\t\t\t\t<a data-image-id=\"1879\" tabindex=\"0\" href=\"https:\/\/www.formentera.es\/wp-content\/uploads\/2019\/01\/3\u00ba-REFLEX-MARCEL-GUBERN.jpg\" rel=\"jtg-1873\" data-caption=\"\" aria-label=\"Open image in lightbox\" role=\"button\" data-cyclefilter=\"show\" data-fancybox=\"jtg-1873\" class=\"tile-inner modula-item-link\"><\/a>\n\t\t\n\t\t<img loading=\"lazy\" decoding=\"async\" class=\"pic wp-image-1879\"  data-valign=\"middle\" data-halign=\"center\" alt=\"\" data-full=\"https:\/\/www.formentera.es\/wp-content\/uploads\/2019\/01\/3\u00ba-REFLEX-MARCEL-GUBERN.jpg\" title=\"II Semana de la Fotografia Submarina, Formentera\" width=\"1900\" height=\"2838\" src=\"https:\/\/www.formentera.es\/wp-content\/uploads\/2019\/01\/3\u00ba-REFLEX-MARCEL-GUBERN.jpg\" data-src=\"https:\/\/www.formentera.es\/wp-content\/uploads\/2019\/01\/3\u00ba-REFLEX-MARCEL-GUBERN.jpg\" data-caption=\"II Semana de la Fotografia Submarina, Formentera\" srcset=\"https:\/\/www.formentera.es\/wp-content\/uploads\/2019\/01\/3\u00ba-REFLEX-MARCEL-GUBERN.jpg 1900w, https:\/\/www.formentera.es\/wp-content\/uploads\/2019\/01\/3\u00ba-REFLEX-MARCEL-GUBERN-201x300.jpg 201w, https:\/\/www.formentera.es\/wp-content\/uploads\/2019\/01\/3\u00ba-REFLEX-MARCEL-GUBERN-768x1147.jpg 768w, https:\/\/www.formentera.es\/wp-content\/uploads\/2019\/01\/3\u00ba-REFLEX-MARCEL-GUBERN-686x1024.jpg 686w\" sizes=\"auto, (max-width: 1900px) 100vw, 1900px\" \/>\n\t\t<div class=\"figc\">\n\t\t\t<div class=\"figc-inner\">\n\t\t\t\t\t\t\t\t\t\t\t\t\t\t\t<\/div>\n\t\t<\/div>\n\n\t<\/div>\n\n<\/div>\t\t\n\t<\/div>\n\n\t\n\t\n\t<script type=\"application\/ld+json\">\n\t{\n\t\t\"@context\": \"http:\/\/schema.org\",\n\t\t\"@type\"   : \"ImageGallery\",\n\t\t\"id\"      : \"https:\/\/www.formentera.es\/it\/scopri-formentera-a-maggio\/\",\n\t\t\"url\"     : \"https:\/\/www.formentera.es\/it\/scopri-formentera-a-maggio\/\"\n\t}\n\n\t<\/script>\n\n\t\n<\/div>\n[\/vc_column_text][\/vc_column][\/vc_row][vc_row full_width=&#8221;stretch_row_content&#8221; equal_height=&#8221;yes&#8221; css=&#8221;.vc_custom_1530270547786{padding-top: 80px !important;}&#8221;][vc_column][vc_column_text el_class=&#8221;h1&#8243;]<\/p>\n<h2 style=\"text-align: center;\">Andere evenementen die u mogelijk interesseren<\/h2>\n<p>[\/vc_column_text][vc_basic_grid post_type=&#8221;post&#8221; max_items=&#8221;3&#8243; orderby=&#8221;rand&#8221; item=&#8221;60&#8243; grid_id=&#8221;vc_gid:1776245561690-b383d0fc-d8de-0&#8243; taxonomies=&#8221;17&#8243;][\/vc_column][\/vc_row]<\/p>\n<\/div>","protected":false},"excerpt":{"rendered":"<p>[vc_row css=&#8221;.vc_custom_1553859652551{margin-right: 0px !important;margin-left: 0px !important;}&#8221;][vc_column width=&#8221;2\/3&#8243;][vc_column_text css=&#8221;&#8221;] SCOPRI FORMENTERA IN PRIMAVERA! Campagna di sconti [&hellip;]<\/p>\n","protected":false},"author":1,"featured_media":6270,"comment_status":"closed","ping_status":"closed","sticky":false,"template":"","format":"standard","meta":{"_acf_changed":false,"footnotes":""},"categories":[1456],"tags":[],"class_list":["post-6262","post","type-post","status-publish","format-standard","hentry","category-eventi"],"acf":[],"yoast_head":"<!-- This site is optimized with the Yoast SEO plugin v25.5 - https:\/\/yoast.com\/wordpress\/plugins\/seo\/ -->\n<title>Scoprite Formentera in primavera | Turismo de Formentera<\/title>\n<meta name=\"robots\" content=\"index, follow, max-snippet:-1, max-image-preview:large, max-video-preview:-1\" \/>\n<link rel=\"canonical\" href=\"https:\/\/www.formentera.es\/it\/scopri-formentera-a-maggio\/\" \/>\n<meta property=\"og:locale\" content=\"it_IT\" \/>\n<meta property=\"og:type\" content=\"article\" \/>\n<meta property=\"og:title\" content=\"Scoprite Formentera in primavera | Turismo de Formentera\" \/>\n<meta property=\"og:description\" content=\"[vc_row css=&#8221;.vc_custom_1553859652551{margin-right: 0px !important;margin-left: 0px !important;}&#8221;][vc_column width=&#8221;2\/3&#8243;][vc_column_text css=&#8221;&#8221;] SCOPRI FORMENTERA IN PRIMAVERA! Campagna di sconti [&hellip;]\" \/>\n<meta property=\"og:url\" content=\"https:\/\/www.formentera.es\/it\/scopri-formentera-a-maggio\/\" \/>\n<meta property=\"og:site_name\" content=\"Turismo de Formentera\" \/>\n<meta property=\"article:publisher\" content=\"https:\/\/www.facebook.com\/turismoformentera\/\" \/>\n<meta property=\"article:published_time\" content=\"2019-01-01T00:00:39+00:00\" \/>\n<meta property=\"article:modified_time\" content=\"2026-04-15T09:32:57+00:00\" \/>\n<meta property=\"og:image\" content=\"https:\/\/www.formentera.es\/wp-content\/uploads\/2019\/01\/Llevant_Moonkoala.jpg\" \/>\n\t<meta property=\"og:image:width\" content=\"1900\" \/>\n\t<meta property=\"og:image:height\" content=\"1267\" \/>\n\t<meta property=\"og:image:type\" content=\"image\/jpeg\" \/>\n<meta name=\"author\" content=\"fugrafic\" \/>\n<meta name=\"twitter:card\" content=\"summary_large_image\" \/>\n<meta name=\"twitter:creator\" content=\"@visitformentera\" \/>\n<meta name=\"twitter:site\" content=\"@visitformentera\" \/>\n<meta name=\"twitter:label1\" content=\"Scritto da\" \/>\n\t<meta name=\"twitter:data1\" content=\"fugrafic\" \/>\n\t<meta name=\"twitter:label2\" content=\"Tempo di lettura stimato\" \/>\n\t<meta name=\"twitter:data2\" content=\"6 minuti\" \/>\n<script type=\"application\/ld+json\" class=\"yoast-schema-graph\">{\"@context\":\"https:\/\/schema.org\",\"@graph\":[{\"@type\":\"WebPage\",\"@id\":\"https:\/\/www.formentera.es\/it\/scopri-formentera-a-maggio\/\",\"url\":\"https:\/\/www.formentera.es\/it\/scopri-formentera-a-maggio\/\",\"name\":\"Scoprite Formentera in primavera | Turismo de Formentera\",\"isPartOf\":{\"@id\":\"https:\/\/www.formentera.es\/#website\"},\"primaryImageOfPage\":{\"@id\":\"https:\/\/www.formentera.es\/it\/scopri-formentera-a-maggio\/#primaryimage\"},\"image\":{\"@id\":\"https:\/\/www.formentera.es\/it\/scopri-formentera-a-maggio\/#primaryimage\"},\"thumbnailUrl\":\"https:\/\/www.formentera.es\/wp-content\/uploads\/2019\/01\/Llevant_Moonkoala.jpg\",\"datePublished\":\"2019-01-01T00:00:39+00:00\",\"dateModified\":\"2026-04-15T09:32:57+00:00\",\"author\":{\"@id\":\"https:\/\/www.formentera.es\/#\/schema\/person\/bf060d78cf1cdf2c02f482a176b38409\"},\"breadcrumb\":{\"@id\":\"https:\/\/www.formentera.es\/it\/scopri-formentera-a-maggio\/#breadcrumb\"},\"inLanguage\":\"it-IT\",\"potentialAction\":[{\"@type\":\"ReadAction\",\"target\":[\"https:\/\/www.formentera.es\/it\/scopri-formentera-a-maggio\/\"]}]},{\"@type\":\"ImageObject\",\"inLanguage\":\"it-IT\",\"@id\":\"https:\/\/www.formentera.es\/it\/scopri-formentera-a-maggio\/#primaryimage\",\"url\":\"https:\/\/www.formentera.es\/wp-content\/uploads\/2019\/01\/Llevant_Moonkoala.jpg\",\"contentUrl\":\"https:\/\/www.formentera.es\/wp-content\/uploads\/2019\/01\/Llevant_Moonkoala.jpg\",\"width\":1900,\"height\":1267},{\"@type\":\"BreadcrumbList\",\"@id\":\"https:\/\/www.formentera.es\/it\/scopri-formentera-a-maggio\/#breadcrumb\",\"itemListElement\":[{\"@type\":\"ListItem\",\"position\":1,\"name\":\"Portada\",\"item\":\"https:\/\/www.formentera.es\/it\/\"},{\"@type\":\"ListItem\",\"position\":2,\"name\":\"Scoprite Formentera in primavera\"}]},{\"@type\":\"WebSite\",\"@id\":\"https:\/\/www.formentera.es\/#website\",\"url\":\"https:\/\/www.formentera.es\/\",\"name\":\"Turismo de Formentera\",\"description\":\"Web oficial de Turismo de Formentera\",\"potentialAction\":[{\"@type\":\"SearchAction\",\"target\":{\"@type\":\"EntryPoint\",\"urlTemplate\":\"https:\/\/www.formentera.es\/?s={search_term_string}\"},\"query-input\":{\"@type\":\"PropertyValueSpecification\",\"valueRequired\":true,\"valueName\":\"search_term_string\"}}],\"inLanguage\":\"it-IT\"},{\"@type\":\"Person\",\"@id\":\"https:\/\/www.formentera.es\/#\/schema\/person\/bf060d78cf1cdf2c02f482a176b38409\",\"name\":\"fugrafic\",\"image\":{\"@type\":\"ImageObject\",\"inLanguage\":\"it-IT\",\"@id\":\"https:\/\/www.formentera.es\/#\/schema\/person\/image\/\",\"url\":\"https:\/\/secure.gravatar.com\/avatar\/2f4071817a97d2499c5aae9674ee15015b5a3c7c0974ca84f095a8e4aadcda56?s=96&d=mm&r=g\",\"contentUrl\":\"https:\/\/secure.gravatar.com\/avatar\/2f4071817a97d2499c5aae9674ee15015b5a3c7c0974ca84f095a8e4aadcda56?s=96&d=mm&r=g\",\"caption\":\"fugrafic\"}}]}<\/script>\n<!-- \/ Yoast SEO plugin. -->","yoast_head_json":{"title":"Scoprite Formentera in primavera | Turismo de Formentera","robots":{"index":"index","follow":"follow","max-snippet":"max-snippet:-1","max-image-preview":"max-image-preview:large","max-video-preview":"max-video-preview:-1"},"canonical":"https:\/\/www.formentera.es\/it\/scopri-formentera-a-maggio\/","og_locale":"it_IT","og_type":"article","og_title":"Scoprite Formentera in primavera | Turismo de Formentera","og_description":"[vc_row css=&#8221;.vc_custom_1553859652551{margin-right: 0px !important;margin-left: 0px !important;}&#8221;][vc_column width=&#8221;2\/3&#8243;][vc_column_text css=&#8221;&#8221;] SCOPRI FORMENTERA IN PRIMAVERA! Campagna di sconti [&hellip;]","og_url":"https:\/\/www.formentera.es\/it\/scopri-formentera-a-maggio\/","og_site_name":"Turismo de Formentera","article_publisher":"https:\/\/www.facebook.com\/turismoformentera\/","article_published_time":"2019-01-01T00:00:39+00:00","article_modified_time":"2026-04-15T09:32:57+00:00","og_image":[{"width":1900,"height":1267,"url":"https:\/\/www.formentera.es\/wp-content\/uploads\/2019\/01\/Llevant_Moonkoala.jpg","type":"image\/jpeg"}],"author":"fugrafic","twitter_card":"summary_large_image","twitter_creator":"@visitformentera","twitter_site":"@visitformentera","twitter_misc":{"Scritto da":"fugrafic","Tempo di lettura stimato":"6 minuti"},"schema":{"@context":"https:\/\/schema.org","@graph":[{"@type":"WebPage","@id":"https:\/\/www.formentera.es\/it\/scopri-formentera-a-maggio\/","url":"https:\/\/www.formentera.es\/it\/scopri-formentera-a-maggio\/","name":"Scoprite Formentera in primavera | Turismo de Formentera","isPartOf":{"@id":"https:\/\/www.formentera.es\/#website"},"primaryImageOfPage":{"@id":"https:\/\/www.formentera.es\/it\/scopri-formentera-a-maggio\/#primaryimage"},"image":{"@id":"https:\/\/www.formentera.es\/it\/scopri-formentera-a-maggio\/#primaryimage"},"thumbnailUrl":"https:\/\/www.formentera.es\/wp-content\/uploads\/2019\/01\/Llevant_Moonkoala.jpg","datePublished":"2019-01-01T00:00:39+00:00","dateModified":"2026-04-15T09:32:57+00:00","author":{"@id":"https:\/\/www.formentera.es\/#\/schema\/person\/bf060d78cf1cdf2c02f482a176b38409"},"breadcrumb":{"@id":"https:\/\/www.formentera.es\/it\/scopri-formentera-a-maggio\/#breadcrumb"},"inLanguage":"it-IT","potentialAction":[{"@type":"ReadAction","target":["https:\/\/www.formentera.es\/it\/scopri-formentera-a-maggio\/"]}]},{"@type":"ImageObject","inLanguage":"it-IT","@id":"https:\/\/www.formentera.es\/it\/scopri-formentera-a-maggio\/#primaryimage","url":"https:\/\/www.formentera.es\/wp-content\/uploads\/2019\/01\/Llevant_Moonkoala.jpg","contentUrl":"https:\/\/www.formentera.es\/wp-content\/uploads\/2019\/01\/Llevant_Moonkoala.jpg","width":1900,"height":1267},{"@type":"BreadcrumbList","@id":"https:\/\/www.formentera.es\/it\/scopri-formentera-a-maggio\/#breadcrumb","itemListElement":[{"@type":"ListItem","position":1,"name":"Portada","item":"https:\/\/www.formentera.es\/it\/"},{"@type":"ListItem","position":2,"name":"Scoprite Formentera in primavera"}]},{"@type":"WebSite","@id":"https:\/\/www.formentera.es\/#website","url":"https:\/\/www.formentera.es\/","name":"Turismo de Formentera","description":"Web oficial de Turismo de Formentera","potentialAction":[{"@type":"SearchAction","target":{"@type":"EntryPoint","urlTemplate":"https:\/\/www.formentera.es\/?s={search_term_string}"},"query-input":{"@type":"PropertyValueSpecification","valueRequired":true,"valueName":"search_term_string"}}],"inLanguage":"it-IT"},{"@type":"Person","@id":"https:\/\/www.formentera.es\/#\/schema\/person\/bf060d78cf1cdf2c02f482a176b38409","name":"fugrafic","image":{"@type":"ImageObject","inLanguage":"it-IT","@id":"https:\/\/www.formentera.es\/#\/schema\/person\/image\/","url":"https:\/\/secure.gravatar.com\/avatar\/2f4071817a97d2499c5aae9674ee15015b5a3c7c0974ca84f095a8e4aadcda56?s=96&d=mm&r=g","contentUrl":"https:\/\/secure.gravatar.com\/avatar\/2f4071817a97d2499c5aae9674ee15015b5a3c7c0974ca84f095a8e4aadcda56?s=96&d=mm&r=g","caption":"fugrafic"}}]}},"_links":{"self":[{"href":"https:\/\/www.formentera.es\/it\/wp-json\/wp\/v2\/posts\/6262","targetHints":{"allow":["GET"]}}],"collection":[{"href":"https:\/\/www.formentera.es\/it\/wp-json\/wp\/v2\/posts"}],"about":[{"href":"https:\/\/www.formentera.es\/it\/wp-json\/wp\/v2\/types\/post"}],"author":[{"embeddable":true,"href":"https:\/\/www.formentera.es\/it\/wp-json\/wp\/v2\/users\/1"}],"replies":[{"embeddable":true,"href":"https:\/\/www.formentera.es\/it\/wp-json\/wp\/v2\/comments?post=6262"}],"version-history":[{"count":9,"href":"https:\/\/www.formentera.es\/it\/wp-json\/wp\/v2\/posts\/6262\/revisions"}],"predecessor-version":[{"id":56629,"href":"https:\/\/www.formentera.es\/it\/wp-json\/wp\/v2\/posts\/6262\/revisions\/56629"}],"wp:featuredmedia":[{"embeddable":true,"href":"https:\/\/www.formentera.es\/it\/wp-json\/wp\/v2\/media\/6270"}],"wp:attachment":[{"href":"https:\/\/www.formentera.es\/it\/wp-json\/wp\/v2\/media?parent=6262"}],"wp:term":[{"taxonomy":"category","embeddable":true,"href":"https:\/\/www.formentera.es\/it\/wp-json\/wp\/v2\/categories?post=6262"},{"taxonomy":"post_tag","embeddable":true,"href":"https:\/\/www.formentera.es\/it\/wp-json\/wp\/v2\/tags?post=6262"}],"curies":[{"name":"wp","href":"https:\/\/api.w.org\/{rel}","templated":true}]}}