{"id":32201,"date":"2019-01-14T10:59:53","date_gmt":"2019-01-14T09:59:53","guid":{"rendered":"https:\/\/www.formentera.es\/sa-flower\/"},"modified":"2024-09-10T16:48:27","modified_gmt":"2024-09-10T14:48:27","slug":"sa-flower","status":"publish","type":"post","link":"https:\/\/www.formentera.es\/it\/sa-flower\/","title":{"rendered":"Sa Flower"},"content":{"rendered":"<div class=\"wpb-content-wrapper\"><p>[vc_row css=&#8221;.vc_custom_1553860579413{margin-right: 0px !important;margin-left: 0px !important;}&#8221;][vc_column width=&#8221;2\/3&#8243;][vc_column_text]<\/p>\n<h2>Sa Flower de Formentera: la festa che fa rivivere lo spirito degli anni \u201960 e \u201970<\/h2>\n<p>&nbsp;<\/p>\n<p>\u201cSa Flower\u201d di Formentera \u00e8 una festa iconica che cattura l\u2019essenza vibrante e libera dell\u2019isola. Questo evento, che evoca la nostalgia degli anni \u201960 e \u201970, \u00e8 una festa piena di musica, colori ed energia positiva. Nata durante l\u2019apice del movimento hippie, \u201cSa Flower\u201d si \u00e8 affermata come una delle feste pi\u00f9 amate da locali e turisti, mantenendo vivo lo spirito boh\u00e9mien di Formentera.<\/p>\n<p>Ci\u00f2 che contraddistingue questa festa \u00e8 la presenza di DJ Pharma, che \u00e8 stato l\u2019anima della festa fin dall\u2019inizio. DJ Pharma ha saputo catturare l\u2019essenza di Sa Flower, animando la folla con la sua selezione musicale che spazia dai ritmi pi\u00f9 attuali ai classici che trasportano nei decenni passati. Il suo carisma e la sua energia sul palco hanno trasformato ogni edizione di Sa Flower in un\u2019esperienza indimenticabile, consolidandolo come figura centrale della festa.<\/p>\n<p>\u00c8 l\u2019occasione perfetta per festeggiare la fine dell\u2019estate, in buona compagnia e sotto il cielo stellato di Formentera. Sa Flower \u00e8 molto pi\u00f9 di una festa: \u00e8 una tradizione che mantiene vivo lo spirito dell\u2019isola, celebrando la libert\u00e0, la cultura e la comunit\u00e0.<\/p>\n<p>Se avete bisogno di controllare le date, ottenere ulteriori informazioni o altri dettagli, vi invitiamo ad accedere al seguente link:\u00a0<a href=\"https:\/\/www.formentera.es\/it\/agenda\/\">https:\/\/www.formentera.es\/it\/agenda\/<\/a><\/p>\n<p>L\u00ec troverete tutto quello che c\u2019\u00e8 da sapere, non perdetelo!<\/p>\n<p>&nbsp;[\/vc_column_text][\/vc_column][vc_column width=&#8221;1\/3&#8243;][vc_column_text]<div id=\"sidebar_ficha\"><div class=\"spost\"><div class=\"tag\">Estate<\/div><\/div><div class=\"bloc_share\"><div class=\"tit_medium\">Condividi<\/div><div class=\"redes_ficha\"><div class=\"fa fa fa-brands fa-x-twitter st-custom-button\" data-network=\"twitter\"><\/div><div class=\"fa fa-facebook st-custom-button\" data-network=\"facebook\"><\/div><div class=\"fa fa-pinterest-p st-custom-button\" data-network=\"pinterest\"><\/div><\/div><div class=\"tit_medium\">Invia ad un amico<\/div><div class=\"redes_ficha\"><div class=\"fa fa-envelope st-custom-button\" data-network=\"email\"><\/div><div class=\"fa fa-whatsapp st-custom-button\" data-network=\"whatsapp\"><\/div><\/div><\/div><\/div>[\/vc_column_text][\/vc_column][\/vc_row][vc_row full_width=&#8221;stretch_row_content&#8221; equal_height=&#8221;yes&#8221; css=&#8221;.vc_custom_1530270547786{padding-top: 80px !important;}&#8221;][vc_column][vc_column_text el_class=&#8221;h1&#8243;]<\/p>\n<h2 style=\"text-align: center;\">Altri eventi che potrebbero interessarti<\/h2>\n<p>[\/vc_column_text][vc_basic_grid post_type=&#8221;post&#8221; max_items=&#8221;3&#8243; orderby=&#8221;rand&#8221; item=&#8221;60&#8243; grid_id=&#8221;vc_gid:1725979653599-de279ac5-2ef0-0&#8243; taxonomies=&#8221;17&#8243;][\/vc_column][\/vc_row]<\/p>\n<\/div>","protected":false},"excerpt":{"rendered":"<p>[vc_row css=&#8221;.vc_custom_1553860579413{margin-right: 0px !important;margin-left: 0px !important;}&#8221;][vc_column width=&#8221;2\/3&#8243;][vc_column_text] Sa Flower de Formentera: la festa che fa [&hellip;]<\/p>\n","protected":false},"author":1,"featured_media":32008,"comment_status":"closed","ping_status":"closed","sticky":false,"template":"","format":"standard","meta":{"_acf_changed":false,"footnotes":""},"categories":[1456],"tags":[],"class_list":["post-32201","post","type-post","status-publish","format-standard","hentry","category-eventi"],"acf":[],"yoast_head":"<!-- This site is optimized with the Yoast SEO plugin v25.5 - https:\/\/yoast.com\/wordpress\/plugins\/seo\/ -->\n<title>Sa Flower | Turismo de Formentera<\/title>\n<meta name=\"robots\" content=\"index, follow, max-snippet:-1, max-image-preview:large, max-video-preview:-1\" \/>\n<link rel=\"canonical\" href=\"https:\/\/www.formentera.es\/it\/sa-flower\/\" \/>\n<meta property=\"og:locale\" content=\"it_IT\" \/>\n<meta property=\"og:type\" content=\"article\" \/>\n<meta property=\"og:title\" content=\"Sa Flower | Turismo de Formentera\" \/>\n<meta property=\"og:description\" content=\"[vc_row css=&#8221;.vc_custom_1553860579413{margin-right: 0px !important;margin-left: 0px !important;}&#8221;][vc_column width=&#8221;2\/3&#8243;][vc_column_text] Sa Flower de Formentera: la festa che fa [&hellip;]\" \/>\n<meta property=\"og:url\" content=\"https:\/\/www.formentera.es\/it\/sa-flower\/\" \/>\n<meta property=\"og:site_name\" content=\"Turismo de Formentera\" \/>\n<meta property=\"article:publisher\" content=\"https:\/\/www.facebook.com\/turismoformentera\/\" \/>\n<meta property=\"article:published_time\" content=\"2019-01-14T09:59:53+00:00\" \/>\n<meta property=\"article:modified_time\" content=\"2024-09-10T14:48:27+00:00\" \/>\n<meta property=\"og:image\" content=\"https:\/\/www.formentera.es\/wp-content\/uploads\/2019\/01\/4T3A7447-e1725983342494.jpg\" \/>\n\t<meta property=\"og:image:width\" content=\"3977\" \/>\n\t<meta property=\"og:image:height\" content=\"5966\" \/>\n\t<meta property=\"og:image:type\" content=\"image\/jpeg\" \/>\n<meta name=\"author\" content=\"fugrafic\" \/>\n<meta name=\"twitter:card\" content=\"summary_large_image\" \/>\n<meta name=\"twitter:creator\" content=\"@visitformentera\" \/>\n<meta name=\"twitter:site\" content=\"@visitformentera\" \/>\n<meta name=\"twitter:label1\" content=\"Scritto da\" \/>\n\t<meta name=\"twitter:data1\" content=\"fugrafic\" \/>\n\t<meta name=\"twitter:label2\" content=\"Tempo di lettura stimato\" \/>\n\t<meta name=\"twitter:data2\" content=\"2 minuti\" \/>\n<script type=\"application\/ld+json\" class=\"yoast-schema-graph\">{\"@context\":\"https:\/\/schema.org\",\"@graph\":[{\"@type\":\"WebPage\",\"@id\":\"https:\/\/www.formentera.es\/it\/sa-flower\/\",\"url\":\"https:\/\/www.formentera.es\/it\/sa-flower\/\",\"name\":\"Sa Flower | Turismo de Formentera\",\"isPartOf\":{\"@id\":\"https:\/\/www.formentera.es\/#website\"},\"primaryImageOfPage\":{\"@id\":\"https:\/\/www.formentera.es\/it\/sa-flower\/#primaryimage\"},\"image\":{\"@id\":\"https:\/\/www.formentera.es\/it\/sa-flower\/#primaryimage\"},\"thumbnailUrl\":\"https:\/\/www.formentera.es\/wp-content\/uploads\/2019\/01\/4T3A7447-e1725983342494.jpg\",\"datePublished\":\"2019-01-14T09:59:53+00:00\",\"dateModified\":\"2024-09-10T14:48:27+00:00\",\"author\":{\"@id\":\"https:\/\/www.formentera.es\/#\/schema\/person\/bf060d78cf1cdf2c02f482a176b38409\"},\"breadcrumb\":{\"@id\":\"https:\/\/www.formentera.es\/it\/sa-flower\/#breadcrumb\"},\"inLanguage\":\"it-IT\",\"potentialAction\":[{\"@type\":\"ReadAction\",\"target\":[\"https:\/\/www.formentera.es\/it\/sa-flower\/\"]}]},{\"@type\":\"ImageObject\",\"inLanguage\":\"it-IT\",\"@id\":\"https:\/\/www.formentera.es\/it\/sa-flower\/#primaryimage\",\"url\":\"https:\/\/www.formentera.es\/wp-content\/uploads\/2019\/01\/4T3A7447-e1725983342494.jpg\",\"contentUrl\":\"https:\/\/www.formentera.es\/wp-content\/uploads\/2019\/01\/4T3A7447-e1725983342494.jpg\",\"width\":3977,\"height\":5966},{\"@type\":\"BreadcrumbList\",\"@id\":\"https:\/\/www.formentera.es\/it\/sa-flower\/#breadcrumb\",\"itemListElement\":[{\"@type\":\"ListItem\",\"position\":1,\"name\":\"Portada\",\"item\":\"https:\/\/www.formentera.es\/it\/\"},{\"@type\":\"ListItem\",\"position\":2,\"name\":\"Sa Flower\"}]},{\"@type\":\"WebSite\",\"@id\":\"https:\/\/www.formentera.es\/#website\",\"url\":\"https:\/\/www.formentera.es\/\",\"name\":\"Turismo de Formentera\",\"description\":\"Web oficial de Turismo de Formentera\",\"potentialAction\":[{\"@type\":\"SearchAction\",\"target\":{\"@type\":\"EntryPoint\",\"urlTemplate\":\"https:\/\/www.formentera.es\/?s={search_term_string}\"},\"query-input\":{\"@type\":\"PropertyValueSpecification\",\"valueRequired\":true,\"valueName\":\"search_term_string\"}}],\"inLanguage\":\"it-IT\"},{\"@type\":\"Person\",\"@id\":\"https:\/\/www.formentera.es\/#\/schema\/person\/bf060d78cf1cdf2c02f482a176b38409\",\"name\":\"fugrafic\",\"image\":{\"@type\":\"ImageObject\",\"inLanguage\":\"it-IT\",\"@id\":\"https:\/\/www.formentera.es\/#\/schema\/person\/image\/\",\"url\":\"https:\/\/secure.gravatar.com\/avatar\/2f4071817a97d2499c5aae9674ee15015b5a3c7c0974ca84f095a8e4aadcda56?s=96&d=mm&r=g\",\"contentUrl\":\"https:\/\/secure.gravatar.com\/avatar\/2f4071817a97d2499c5aae9674ee15015b5a3c7c0974ca84f095a8e4aadcda56?s=96&d=mm&r=g\",\"caption\":\"fugrafic\"}}]}<\/script>\n<!-- \/ Yoast SEO plugin. -->","yoast_head_json":{"title":"Sa Flower | Turismo de Formentera","robots":{"index":"index","follow":"follow","max-snippet":"max-snippet:-1","max-image-preview":"max-image-preview:large","max-video-preview":"max-video-preview:-1"},"canonical":"https:\/\/www.formentera.es\/it\/sa-flower\/","og_locale":"it_IT","og_type":"article","og_title":"Sa Flower | Turismo de Formentera","og_description":"[vc_row css=&#8221;.vc_custom_1553860579413{margin-right: 0px !important;margin-left: 0px !important;}&#8221;][vc_column width=&#8221;2\/3&#8243;][vc_column_text] Sa Flower de Formentera: la festa che fa [&hellip;]","og_url":"https:\/\/www.formentera.es\/it\/sa-flower\/","og_site_name":"Turismo de Formentera","article_publisher":"https:\/\/www.facebook.com\/turismoformentera\/","article_published_time":"2019-01-14T09:59:53+00:00","article_modified_time":"2024-09-10T14:48:27+00:00","og_image":[{"width":3977,"height":5966,"url":"https:\/\/www.formentera.es\/wp-content\/uploads\/2019\/01\/4T3A7447-e1725983342494.jpg","type":"image\/jpeg"}],"author":"fugrafic","twitter_card":"summary_large_image","twitter_creator":"@visitformentera","twitter_site":"@visitformentera","twitter_misc":{"Scritto da":"fugrafic","Tempo di lettura stimato":"2 minuti"},"schema":{"@context":"https:\/\/schema.org","@graph":[{"@type":"WebPage","@id":"https:\/\/www.formentera.es\/it\/sa-flower\/","url":"https:\/\/www.formentera.es\/it\/sa-flower\/","name":"Sa Flower | Turismo de Formentera","isPartOf":{"@id":"https:\/\/www.formentera.es\/#website"},"primaryImageOfPage":{"@id":"https:\/\/www.formentera.es\/it\/sa-flower\/#primaryimage"},"image":{"@id":"https:\/\/www.formentera.es\/it\/sa-flower\/#primaryimage"},"thumbnailUrl":"https:\/\/www.formentera.es\/wp-content\/uploads\/2019\/01\/4T3A7447-e1725983342494.jpg","datePublished":"2019-01-14T09:59:53+00:00","dateModified":"2024-09-10T14:48:27+00:00","author":{"@id":"https:\/\/www.formentera.es\/#\/schema\/person\/bf060d78cf1cdf2c02f482a176b38409"},"breadcrumb":{"@id":"https:\/\/www.formentera.es\/it\/sa-flower\/#breadcrumb"},"inLanguage":"it-IT","potentialAction":[{"@type":"ReadAction","target":["https:\/\/www.formentera.es\/it\/sa-flower\/"]}]},{"@type":"ImageObject","inLanguage":"it-IT","@id":"https:\/\/www.formentera.es\/it\/sa-flower\/#primaryimage","url":"https:\/\/www.formentera.es\/wp-content\/uploads\/2019\/01\/4T3A7447-e1725983342494.jpg","contentUrl":"https:\/\/www.formentera.es\/wp-content\/uploads\/2019\/01\/4T3A7447-e1725983342494.jpg","width":3977,"height":5966},{"@type":"BreadcrumbList","@id":"https:\/\/www.formentera.es\/it\/sa-flower\/#breadcrumb","itemListElement":[{"@type":"ListItem","position":1,"name":"Portada","item":"https:\/\/www.formentera.es\/it\/"},{"@type":"ListItem","position":2,"name":"Sa Flower"}]},{"@type":"WebSite","@id":"https:\/\/www.formentera.es\/#website","url":"https:\/\/www.formentera.es\/","name":"Turismo de Formentera","description":"Web oficial de Turismo de Formentera","potentialAction":[{"@type":"SearchAction","target":{"@type":"EntryPoint","urlTemplate":"https:\/\/www.formentera.es\/?s={search_term_string}"},"query-input":{"@type":"PropertyValueSpecification","valueRequired":true,"valueName":"search_term_string"}}],"inLanguage":"it-IT"},{"@type":"Person","@id":"https:\/\/www.formentera.es\/#\/schema\/person\/bf060d78cf1cdf2c02f482a176b38409","name":"fugrafic","image":{"@type":"ImageObject","inLanguage":"it-IT","@id":"https:\/\/www.formentera.es\/#\/schema\/person\/image\/","url":"https:\/\/secure.gravatar.com\/avatar\/2f4071817a97d2499c5aae9674ee15015b5a3c7c0974ca84f095a8e4aadcda56?s=96&d=mm&r=g","contentUrl":"https:\/\/secure.gravatar.com\/avatar\/2f4071817a97d2499c5aae9674ee15015b5a3c7c0974ca84f095a8e4aadcda56?s=96&d=mm&r=g","caption":"fugrafic"}}]}},"_links":{"self":[{"href":"https:\/\/www.formentera.es\/it\/wp-json\/wp\/v2\/posts\/32201","targetHints":{"allow":["GET"]}}],"collection":[{"href":"https:\/\/www.formentera.es\/it\/wp-json\/wp\/v2\/posts"}],"about":[{"href":"https:\/\/www.formentera.es\/it\/wp-json\/wp\/v2\/types\/post"}],"author":[{"embeddable":true,"href":"https:\/\/www.formentera.es\/it\/wp-json\/wp\/v2\/users\/1"}],"replies":[{"embeddable":true,"href":"https:\/\/www.formentera.es\/it\/wp-json\/wp\/v2\/comments?post=32201"}],"version-history":[{"count":0,"href":"https:\/\/www.formentera.es\/it\/wp-json\/wp\/v2\/posts\/32201\/revisions"}],"wp:featuredmedia":[{"embeddable":true,"href":"https:\/\/www.formentera.es\/it\/wp-json\/wp\/v2\/media\/32008"}],"wp:attachment":[{"href":"https:\/\/www.formentera.es\/it\/wp-json\/wp\/v2\/media?parent=32201"}],"wp:term":[{"taxonomy":"category","embeddable":true,"href":"https:\/\/www.formentera.es\/it\/wp-json\/wp\/v2\/categories?post=32201"},{"taxonomy":"post_tag","embeddable":true,"href":"https:\/\/www.formentera.es\/it\/wp-json\/wp\/v2\/tags?post=32201"}],"curies":[{"name":"wp","href":"https:\/\/api.w.org\/{rel}","templated":true}]}}