{"id":7189,"date":"2019-01-01T10:00:27","date_gmt":"2019-01-01T09:00:27","guid":{"rendered":"https:\/\/www.formentera.es\/?p=7189"},"modified":"2026-02-03T10:24:52","modified_gmt":"2026-02-03T09:24:52","slug":"ete","status":"publish","type":"post","link":"https:\/\/www.formentera.es\/fr\/ete\/","title":{"rendered":"\u00c9t\u00e9"},"content":{"rendered":"<div class=\"wpb-content-wrapper\"><p>[vc_row][vc_column width=\u00a0\u00bb2\/3&Prime;][vc_column_text css=\u00a0\u00bb\u00a0\u00bb]Cet \u00e9t\u00e9 \u00e0 Formentera, des plages de sable fin vous attendent avec des eaux d&rsquo;un bleu caract\u00e9ristique qui tombe sous le charme. Vous trouverez \u00e9galement de merveilleux coins pour d\u00e9connecter, deux lumi\u00e8res magiques, une nature sauvage et m\u00e9diterran\u00e9en &#8230; Si, en plus de profiter de la nature, vous souhaitez profiter de la culture ou du sport, vous avez ici beaucoup d\u2019\u00e9v\u00e9nements que vous voudrez bien conna\u00eetre.<\/p>\n<p><strong>Musique dans les places:<\/strong><\/p>\n<ul>\n<li>Lundi au Port: Lundi \u00e0 22 heures sur le passage de la Marine \u00e0 La Savina. Du 17 juin au 16 septembre.<\/li>\n<li>Dimarts dans La Mola: Mardi \u00e0 22 heures sur la place de l&rsquo;\u00c9glise du Pilar de La Mola. Du 18 juin au 24 septembre.<\/li>\n<li>World Music: Jeudi \u00e0 22 h 30 sur la place Europa \u00e0 Es Pujols. Du 20 juin au 26 septembre.<\/li>\n<li>Musique en direct : Vendredi \u00e0 22 heures sur la place de l&rsquo;\u00c9glise \u00e0 Sant Ferran de Ses Roques. Du 21 juin au 27 septembre.<\/li>\n<li>Jazz sur la place : Samedi \u00e0 22 heures sur la place de la Constitution de Saint-Fran\u00e7ois-Xavier. Du 22 juin au 28 septembre.<\/li>\n<\/ul>\n<p><strong>March\u00e9s d&rsquo;art et d&rsquo;artisanat<\/strong><\/p>\n<ul>\n<li>March\u00e9 artisan de La Mola: Mercredi et dimanche de 16:00 \u00e0 22:00 heures dans le Pilar de la Mola.<\/li>\n<li>March\u00e9 de Sant Francesc: Lundi de 10:00 \u00e0 14:00h. Lundi et mardi (juillet et ao\u00fbt seulement) de 20:00 \u00e0 00:00h.<\/li>\n<li>Mercat d&rsquo;Es Pujols : Dilluns au dimanche de 19:00 \u00e0 00:00 heures.<\/li>\n<li>March\u00e9 artisanal de Sant Ferran: Jeudi, vendredi et samedi 20:30 \u00e0 00:00 heures.<\/li>\n<li>March\u00e9 artistique de Sant Ferran: Jeudi, vendredi et samedi 20:30 \u00e0 00:00 heures.<\/li>\n<li>Mercat de La Savina: lundis au dimanche de 10:00 \u00e0 00:00 heures.<\/li>\n<li>Mercat de seconde main: Dimarts et samedis de 11:00 \u00e0 14h00 tout au long de l&rsquo;ann\u00e9e au Jardin de Ses Eres, \u00e0 Saint-Fran\u00e7ois-Xavier.<\/li>\n<\/ul>\n<p><strong>Cin\u00e9ma \u00ab\u00a0al fresco\u00a0\u00bb (cin\u00e9ma en plein air) <\/strong><strong>(\u00e0 partir de juillet):<\/strong><\/p>\n<ul>\n<li>Mardi \u00e0 Sant Francesc \u00e0 22 heures dans Le Jardin de \u00ab Ses Eres \u00bb (darri\u00e8re l&rsquo;\u00e9glise)<\/li>\n<li>Jeudi \u00e0 Sant Ferran \u00e0 22h sur la place de l&rsquo;\u00e9glise<\/li>\n<li>Vendredi au Pilar de la Mola, \u00e0 22h au \u00ab\u00a0Casa del Pueblo\u00a0\u00bb<\/li>\n<\/ul>\n<p><strong>F\u00eates populaires et \u00e9v\u00e9nements sp\u00e9ciaux:<\/strong><\/p>\n<ul>\n<li>F\u00eates \u00abdel Carmen\u00bb: 16 juillet.<\/li>\n<li>Sant Jaume: 25 juillet<\/li>\n<li>Santa Mar\u00eda: 5 ao\u00fbt<\/li>\n<\/ul>\n<p><strong>Et aussi&#8230;<\/strong><\/p>\n<ul>\n<li>Agenda des \u00e9v\u00e9nements complet :\u00a0<a href=\"https:\/\/www.formentera.es\/agenda\/\">https:\/\/www.formentera.es\/agenda\/<\/a><\/li>\n<li>Etat des plages: Si vous souhaitez conna\u00eetre l&rsquo;\u00e9tat des plages (drapeaux et m\u00e9duses) \u00e0 partir de 11h30: http:\/\/www.platgesdebalears.com\/caplaibFront\/portada_isla.es.jsp?cIsl=FO<\/li>\n<li>Informations touristiques directes via whatsapp, du lundi au vendredi de 8h00 \u00e0 15h00. Ajoutez notre num\u00e9ro \u00e0 vos contacts et contactez-nous: +34 607 11 17 16<\/li>\n<li>Guide des plages et des catalogues de routes vertes: https:\/\/www.formentera.es\/planifica\/folletos-mapas-y-guias\/<\/li>\n<\/ul>\n<p>[\/vc_column_text][\/vc_column][vc_column width=\u00a0\u00bb1\/3&Prime;][vc_column_text]<div id=\"sidebar_ficha\"><div class=\"spost\"><div class=\"tag\">\u00c9t\u00e9<\/div><\/div><div class=\"bloc_share\"><div class=\"tit_medium\">Partager<\/div><div class=\"redes_ficha\"><div class=\"fa fa fa-brands fa-x-twitter st-custom-button\" data-network=\"twitter\"><\/div><div class=\"fa fa-facebook st-custom-button\" data-network=\"facebook\"><\/div><div class=\"fa fa-pinterest-p st-custom-button\" data-network=\"pinterest\"><\/div><\/div><div class=\"tit_medium\">Envoyer \u00e0 un ami<\/div><div class=\"redes_ficha\"><div class=\"fa fa-envelope st-custom-button\" data-network=\"email\"><\/div><div class=\"fa fa-whatsapp st-custom-button\" data-network=\"whatsapp\"><\/div><\/div><\/div><\/div>[\/vc_column_text][\/vc_column][\/vc_row][vc_row full_width=\u00a0\u00bbstretch_row_content_no_spaces\u00a0\u00bb][vc_column][vc_column_text]<style>#jtg-7108 .modula-item .jtg-social a, .lightbox-socials.jtg-social a{ fill: #ffffff; color: #ffffff }#jtg-7108 .modula-item .jtg-social-mobile a{ fill: #ffffff; color: #ffffff }#jtg-7108 .modula-item .jtg-social svg, .lightbox-socials.jtg-social svg { height: 16px; width: 16px }#jtg-7108 .modula-item .jtg-social-mobile svg { height: 16px; width: 16px }#jtg-7108 .modula-item .jtg-social a:not(:last-child), .lightbox-socials.jtg-social a:not(:last-child) { margin-right: 10px }#jtg-7108 .modula-item .jtg-social-mobile .jtg-social-mobile-icons a:not(:last-child){ margin-right: 10px }#jtg-7108 .modula-item .figc {color:#ffffff;}#jtg-7108 .modula-item .modula-item-content { transform: scale(1) }#jtg-7108 .modula-items .figc p.description { font-size:14px; }#jtg-7108 .modula-items .figc p.description { color:#ffffff;}#jtg-7108.modula-gallery .modula-item > a, #jtg-7108.modula-gallery .modula-item, #jtg-7108.modula-gallery .modula-item-content > a:not(.modula-no-follow) { cursor:zoom-in; } #jtg-7108.modula-gallery .modula-item-content .modula-no-follow { cursor: default; } #jtg-7108 .modula-item { background-color:#000000; }#jtg-7108 .modula-item:hover img { opacity: 0.5; }#jtg-7108 .modula-item { transform: scale(1) translate(0px,0px) rotate(0deg); }@media screen and (max-width:480px){#jtg-7108 .modula-item .figc .jtg-title {  font-size: 12px; }#jtg-7108 .modula-items .figc p.description { color:#ffffff;font-size:10px; }}<\/style>\n<div  id=\"jtg-7108\" class=\"modula modula-gallery modula-custom-grid\" data-config=\"{&quot;height&quot;:800,&quot;tabletHeight&quot;:800,&quot;mobileHeight&quot;:800,&quot;desktopHeight&quot;:800,&quot;enableTwitter&quot;:false,&quot;enableWhatsapp&quot;:false,&quot;enableFacebook&quot;:false,&quot;enablePinterest&quot;:false,&quot;enableLinkedin&quot;:false,&quot;enableEmail&quot;:false,&quot;randomFactor&quot;:0.5,&quot;type&quot;:&quot;custom-grid&quot;,&quot;columns&quot;:12,&quot;gutter&quot;:10,&quot;mobileGutter&quot;:10,&quot;tabletGutter&quot;:10,&quot;desktopGutter&quot;:10,&quot;enableResponsive&quot;:true,&quot;tabletColumns&quot;:2,&quot;mobileColumns&quot;:1,&quot;lazyLoad&quot;:&quot;0&quot;,&quot;lightboxOpts&quot;:{&quot;animated&quot;:true,&quot;Thumbs&quot;:{&quot;type&quot;:&quot;modern&quot;,&quot;showOnStart&quot;:false},&quot;Toolbar&quot;:{&quot;display&quot;:{&quot;right&quot;:[&quot;close&quot;]},&quot;enabled&quot;:true},&quot;Carousel&quot;:{&quot;Panzoom&quot;:{&quot;touch&quot;:false},&quot;infinite&quot;:false},&quot;keyboard&quot;:{&quot;Escape&quot;:&quot;close&quot;,&quot;Delete&quot;:&quot;close&quot;,&quot;Backspace&quot;:&quot;close&quot;,&quot;PageUp&quot;:false,&quot;PageDown&quot;:false,&quot;ArrowUp&quot;:false,&quot;ArrowDown&quot;:false,&quot;ArrowRight&quot;:false,&quot;ArrowLeft&quot;:false},&quot;touch&quot;:false,&quot;backdropClick&quot;:false,&quot;l10n&quot;:{&quot;CLOSE&quot;:&quot;Close&quot;,&quot;NEXT&quot;:&quot;Next&quot;,&quot;PREV&quot;:&quot;Previous&quot;,&quot;Error&quot;:&quot;The requested content cannot be loaded. Please try again later.&quot;,&quot;PLAY_START&quot;:&quot;Start slideshow&quot;,&quot;PLAY_STOP&quot;:&quot;Pause slideshow&quot;,&quot;FULL_SCREEN&quot;:&quot;Full screen&quot;,&quot;THUMBS&quot;:&quot;Thumbnails&quot;,&quot;DOWNLOAD&quot;:&quot;Download&quot;,&quot;SHARE&quot;:&quot;Share&quot;,&quot;ZOOM&quot;:&quot;Zoom&quot;,&quot;EMAIL&quot;:&quot;Here is the link to the image : %%image_link%% and this is the link to the gallery : %%gallery_link%%&quot;,&quot;MODAL&quot;:&quot;You can close this modal content with the ESC key&quot;,&quot;ERROR&quot;:&quot;Something Went Wrong, Please Try Again Later&quot;,&quot;IMAGE_ERROR&quot;:&quot;Image Not Found&quot;,&quot;ELEMENT_NOT_FOUND&quot;:&quot;HTML Element Not Found&quot;,&quot;AJAX_NOT_FOUND&quot;:&quot;Error Loading AJAX : Not Found&quot;,&quot;AJAX_FORBIDDEN&quot;:&quot;Error Loading AJAX : Forbidden&quot;,&quot;IFRAME_ERROR&quot;:&quot;Error Loading Page&quot;,&quot;TOGGLE_ZOOM&quot;:&quot;Toggle zoom level&quot;,&quot;TOGGLE_THUMBS&quot;:&quot;Toggle thumbnails&quot;,&quot;TOGGLE_SLIDESHOW&quot;:&quot;Toggle slideshow&quot;,&quot;TOGGLE_FULLSCREEN&quot;:&quot;Toggle full-screen mode&quot;},&quot;Images&quot;:{&quot;Panzoom&quot;:{&quot;maxScale&quot;:2}},&quot;mainClass&quot;:&quot;modula-fancybox-container modula-lightbox-jtg-7108&quot;,&quot;Html&quot;:{&quot;videoAutoplay&quot;:0,&quot;videoTpl&quot;:&quot;&lt;video class=\\&quot;fancybox__html5video\\&quot; controls muted playsinline controlsList controlsList=\\&quot;nodownload\\&quot; poster=\\&quot;{{poster}}\\&quot; src=\\&quot;{{src}}\\&quot; type=\\&quot;{{format}}\\&quot; &gt;  Sorry, your browser doesn&#039;t support embedded videos, &lt;a href=\\&quot;{{src}}\\&quot;&gt; download &lt;\\\/a&gt; and watch with your favorite video player! &lt;\\\/video&gt;&quot;}},&quot;inView&quot;:false,&quot;email_subject&quot;:&quot;\\u00a1\\u00a1Mira esta impresionante imagen!!&quot;,&quot;email_message&quot;:&quot;Este es el enlace a la imagen: %%image_link%% y este es el enlace a la galer\\u00eda: %%gallery_link%%&quot;,&quot;lightbox&quot;:&quot;fancybox&quot;,&quot;filterClick&quot;:&quot;0&quot;,&quot;defaultActiveFilter&quot;:&quot;all&quot;}\">\n\n\t\n\t<div  class=\"modula-items\">\n\t\t<div class=\"modula-item effect-quiet jtg-filter-all jtg-filter-\" data-width=\"6\" data-height=\"7\" >\n\t<div class=\"modula-item-overlay\"><\/div>\n\n\t<div class=\"modula-item-content\">\n\n\t\t\t\t\n\t\t\t\t\t<a data-image-id=\"7115\" tabindex=\"0\" href=\"https:\/\/www.formentera.es\/wp-content\/uploads\/2019\/05\/150-SantJaume2016_Catarres_03_net.jpg\" rel=\"jtg-7108\" data-caption=\"\" aria-label=\"Open image in lightbox\" role=\"button\" data-cyclefilter=\"show\" data-fancybox=\"jtg-7108\" class=\"tile-inner modula-item-link\"><\/a>\n\t\t\n\t\t<img loading=\"lazy\" decoding=\"async\" class=\"pic wp-image-7115\"  data-valign=\"middle\" data-halign=\"center\" alt=\"\" data-full=\"https:\/\/www.formentera.es\/wp-content\/uploads\/2019\/05\/150-SantJaume2016_Catarres_03_net.jpg\" title=\"150 SantJaume2016_Catarres_03_net\" width=\"1900\" height=\"1267\" src=\"https:\/\/www.formentera.es\/wp-content\/uploads\/2019\/05\/150-SantJaume2016_Catarres_03_net.jpg\" data-src=\"https:\/\/www.formentera.es\/wp-content\/uploads\/2019\/05\/150-SantJaume2016_Catarres_03_net.jpg\" data-caption=\"\" srcset=\"https:\/\/www.formentera.es\/wp-content\/uploads\/2019\/05\/150-SantJaume2016_Catarres_03_net.jpg 1900w, https:\/\/www.formentera.es\/wp-content\/uploads\/2019\/05\/150-SantJaume2016_Catarres_03_net-300x200.jpg 300w, https:\/\/www.formentera.es\/wp-content\/uploads\/2019\/05\/150-SantJaume2016_Catarres_03_net-768x512.jpg 768w, https:\/\/www.formentera.es\/wp-content\/uploads\/2019\/05\/150-SantJaume2016_Catarres_03_net-1024x683.jpg 1024w\" sizes=\"auto, (max-width: 1900px) 100vw, 1900px\" \/>\n\t\t<div class=\"figc no-description\">\n\t\t\t<div class=\"figc-inner\">\n\t\t\t\t\t\t\t\t\t\t\t\t\t\t\t<\/div>\n\t\t<\/div>\n\n\t<\/div>\n\n<\/div><div class=\"modula-item effect-quiet jtg-filter-all jtg-filter-\" data-width=\"6\" data-height=\"3\" >\n\t<div class=\"modula-item-overlay\"><\/div>\n\n\t<div class=\"modula-item-content\">\n\n\t\t\t\t\n\t\t\t\t\t<a data-image-id=\"7109\" tabindex=\"0\" href=\"https:\/\/www.formentera.es\/wp-content\/uploads\/2019\/05\/150-santjaume2016_03_net.jpg\" rel=\"jtg-7108\" data-caption=\"\" aria-label=\"Open image in lightbox\" role=\"button\" data-cyclefilter=\"show\" data-fancybox=\"jtg-7108\" class=\"tile-inner modula-item-link\"><\/a>\n\t\t\n\t\t<img loading=\"lazy\" decoding=\"async\" class=\"pic wp-image-7109\"  data-valign=\"middle\" data-halign=\"center\" alt=\"\" data-full=\"https:\/\/www.formentera.es\/wp-content\/uploads\/2019\/05\/150-santjaume2016_03_net.jpg\" title=\"150 santjaume2016_03_net\" width=\"1900\" height=\"1267\" src=\"https:\/\/www.formentera.es\/wp-content\/uploads\/2019\/05\/150-santjaume2016_03_net.jpg\" data-src=\"https:\/\/www.formentera.es\/wp-content\/uploads\/2019\/05\/150-santjaume2016_03_net.jpg\" data-caption=\"\" srcset=\"https:\/\/www.formentera.es\/wp-content\/uploads\/2019\/05\/150-santjaume2016_03_net.jpg 1900w, https:\/\/www.formentera.es\/wp-content\/uploads\/2019\/05\/150-santjaume2016_03_net-300x200.jpg 300w, https:\/\/www.formentera.es\/wp-content\/uploads\/2019\/05\/150-santjaume2016_03_net-768x512.jpg 768w, https:\/\/www.formentera.es\/wp-content\/uploads\/2019\/05\/150-santjaume2016_03_net-1024x683.jpg 1024w\" sizes=\"auto, (max-width: 1900px) 100vw, 1900px\" \/>\n\t\t<div class=\"figc no-description\">\n\t\t\t<div class=\"figc-inner\">\n\t\t\t\t\t\t\t\t\t\t\t\t\t\t\t<\/div>\n\t\t<\/div>\n\n\t<\/div>\n\n<\/div><div class=\"modula-item effect-quiet jtg-filter-all jtg-filter-\" data-width=\"6\" data-height=\"4\" >\n\t<div class=\"modula-item-overlay\"><\/div>\n\n\t<div class=\"modula-item-content\">\n\n\t\t\t\t\n\t\t\t\t\t<a data-image-id=\"7095\" tabindex=\"0\" href=\"https:\/\/www.formentera.es\/wp-content\/uploads\/2019\/05\/150-santjaume2016_09_elenamarco-copia.jpg\" rel=\"jtg-7108\" data-caption=\"\" aria-label=\"Open image in lightbox\" role=\"button\" data-cyclefilter=\"show\" data-fancybox=\"jtg-7108\" class=\"tile-inner modula-item-link\"><\/a>\n\t\t\n\t\t<img loading=\"lazy\" decoding=\"async\" class=\"pic wp-image-7095\"  data-valign=\"middle\" data-halign=\"center\" alt=\"\" data-full=\"https:\/\/www.formentera.es\/wp-content\/uploads\/2019\/05\/150-santjaume2016_09_elenamarco-copia.jpg\" title=\"150 santjaume2016_09_elenamarco copia\" width=\"1900\" height=\"1267\" src=\"https:\/\/www.formentera.es\/wp-content\/uploads\/2019\/05\/150-santjaume2016_09_elenamarco-copia.jpg\" data-src=\"https:\/\/www.formentera.es\/wp-content\/uploads\/2019\/05\/150-santjaume2016_09_elenamarco-copia.jpg\" data-caption=\"\" srcset=\"https:\/\/www.formentera.es\/wp-content\/uploads\/2019\/05\/150-santjaume2016_09_elenamarco-copia.jpg 1900w, https:\/\/www.formentera.es\/wp-content\/uploads\/2019\/05\/150-santjaume2016_09_elenamarco-copia-300x200.jpg 300w, https:\/\/www.formentera.es\/wp-content\/uploads\/2019\/05\/150-santjaume2016_09_elenamarco-copia-768x512.jpg 768w, https:\/\/www.formentera.es\/wp-content\/uploads\/2019\/05\/150-santjaume2016_09_elenamarco-copia-1024x683.jpg 1024w\" sizes=\"auto, (max-width: 1900px) 100vw, 1900px\" \/>\n\t\t<div class=\"figc no-description\">\n\t\t\t<div class=\"figc-inner\">\n\t\t\t\t\t\t\t\t\t\t\t\t\t\t\t<\/div>\n\t\t<\/div>\n\n\t<\/div>\n\n<\/div>\t\t\n\t<\/div>\n\n\t\n\t\n\t<script type=\"application\/ld+json\">\n\t{\n\t\t\"@context\": \"http:\/\/schema.org\",\n\t\t\"@type\"   : \"ImageGallery\",\n\t\t\"id\"      : \"https:\/\/www.formentera.es\/fr\/ete\/\",\n\t\t\"url\"     : \"https:\/\/www.formentera.es\/fr\/ete\/\"\n\t}\n\n\t<\/script>\n\n\t\n<\/div>\n[\/vc_column_text][\/vc_column][\/vc_row][vc_row full_width=\u00a0\u00bbstretch_row_content\u00a0\u00bb equal_height=\u00a0\u00bbyes\u00a0\u00bb css=\u00a0\u00bb.vc_custom_1530270547786{padding-top: 80px !important;}\u00a0\u00bb][vc_column][vc_column_text el_class=\u00a0\u00bbh1&Prime;]<\/p>\n<h2 style=\"text-align: center;\">Autres \u00e9v\u00e9nements susceptibles de vous int\u00e9resser<\/h2>\n<p>[\/vc_column_text][vc_basic_grid post_type=\u00a0\u00bbpost\u00a0\u00bb max_items=\u00a0\u00bb3&Prime; orderby=\u00a0\u00bbrand\u00a0\u00bb item=\u00a0\u00bb60&Prime; grid_id=\u00a0\u00bbvc_gid:1770110621730-d9159c18-1e10-3&Prime; taxonomies=\u00a0\u00bb17&Prime; exclude=\u00a0\u00bb7091&Prime;][\/vc_column][\/vc_row][vc_row][vc_column][vc_column_text]<\/p>\n<p>[\/vc_column_text][\/vc_column][\/vc_row]<\/p>\n<\/div>","protected":false},"excerpt":{"rendered":"<p>[vc_row][vc_column width=\u00a0\u00bb2\/3&Prime;][vc_column_text css=\u00a0\u00bb\u00a0\u00bb]Cet \u00e9t\u00e9 \u00e0 Formentera, des plages de sable fin vous attendent avec des [&hellip;]<\/p>\n","protected":false},"author":3,"featured_media":7104,"comment_status":"closed","ping_status":"closed","sticky":false,"template":"","format":"standard","meta":{"_acf_changed":false,"footnotes":""},"categories":[1317],"tags":[],"class_list":["post-7189","post","type-post","status-publish","format-standard","hentry","category-evenements"],"acf":[],"yoast_head":"<!-- This site is optimized with the Yoast SEO plugin v25.5 - https:\/\/yoast.com\/wordpress\/plugins\/seo\/ -->\n<title>\u00c9t\u00e9 | Turismo de Formentera<\/title>\n<meta name=\"robots\" content=\"index, follow, max-snippet:-1, max-image-preview:large, max-video-preview:-1\" \/>\n<link rel=\"canonical\" href=\"https:\/\/www.formentera.es\/fr\/ete\/\" \/>\n<meta property=\"og:locale\" content=\"fr_FR\" \/>\n<meta property=\"og:type\" content=\"article\" \/>\n<meta property=\"og:title\" content=\"\u00c9t\u00e9 | Turismo de Formentera\" \/>\n<meta property=\"og:description\" content=\"[vc_row][vc_column width=\u00a0\u00bb2\/3&Prime;][vc_column_text css=\u00a0\u00bb\u00a0\u00bb]Cet \u00e9t\u00e9 \u00e0 Formentera, des plages de sable fin vous attendent avec des [&hellip;]\" \/>\n<meta property=\"og:url\" content=\"https:\/\/www.formentera.es\/fr\/ete\/\" \/>\n<meta property=\"og:site_name\" content=\"Turismo de Formentera\" \/>\n<meta property=\"article:publisher\" content=\"https:\/\/www.facebook.com\/turismoformentera\/\" \/>\n<meta property=\"article:published_time\" content=\"2019-01-01T09:00:27+00:00\" \/>\n<meta property=\"article:modified_time\" content=\"2026-02-03T09:24:52+00:00\" \/>\n<meta property=\"og:image\" content=\"https:\/\/www.formentera.es\/wp-content\/uploads\/2019\/05\/150-santjaume2016_net.jpg\" \/>\n\t<meta property=\"og:image:width\" content=\"1900\" \/>\n\t<meta property=\"og:image:height\" content=\"1267\" \/>\n\t<meta property=\"og:image:type\" content=\"image\/jpeg\" \/>\n<meta name=\"author\" content=\"Patricia\" \/>\n<meta name=\"twitter:card\" content=\"summary_large_image\" \/>\n<meta name=\"twitter:creator\" content=\"@visitformentera\" \/>\n<meta name=\"twitter:site\" content=\"@visitformentera\" \/>\n<meta name=\"twitter:label1\" content=\"\u00c9crit par\" \/>\n\t<meta name=\"twitter:data1\" content=\"Patricia\" \/>\n\t<meta name=\"twitter:label2\" content=\"Dur\u00e9e de lecture estim\u00e9e\" \/>\n\t<meta name=\"twitter:data2\" content=\"3 minutes\" \/>\n<script type=\"application\/ld+json\" class=\"yoast-schema-graph\">{\"@context\":\"https:\/\/schema.org\",\"@graph\":[{\"@type\":\"WebPage\",\"@id\":\"https:\/\/www.formentera.es\/fr\/ete\/\",\"url\":\"https:\/\/www.formentera.es\/fr\/ete\/\",\"name\":\"\u00c9t\u00e9 | Turismo de Formentera\",\"isPartOf\":{\"@id\":\"https:\/\/www.formentera.es\/#website\"},\"primaryImageOfPage\":{\"@id\":\"https:\/\/www.formentera.es\/fr\/ete\/#primaryimage\"},\"image\":{\"@id\":\"https:\/\/www.formentera.es\/fr\/ete\/#primaryimage\"},\"thumbnailUrl\":\"https:\/\/www.formentera.es\/wp-content\/uploads\/2019\/05\/150-santjaume2016_net.jpg\",\"datePublished\":\"2019-01-01T09:00:27+00:00\",\"dateModified\":\"2026-02-03T09:24:52+00:00\",\"author\":{\"@id\":\"https:\/\/www.formentera.es\/#\/schema\/person\/b5a0b91e8ab8bc1155212d940bac3cf6\"},\"breadcrumb\":{\"@id\":\"https:\/\/www.formentera.es\/fr\/ete\/#breadcrumb\"},\"inLanguage\":\"fr-FR\",\"potentialAction\":[{\"@type\":\"ReadAction\",\"target\":[\"https:\/\/www.formentera.es\/fr\/ete\/\"]}]},{\"@type\":\"ImageObject\",\"inLanguage\":\"fr-FR\",\"@id\":\"https:\/\/www.formentera.es\/fr\/ete\/#primaryimage\",\"url\":\"https:\/\/www.formentera.es\/wp-content\/uploads\/2019\/05\/150-santjaume2016_net.jpg\",\"contentUrl\":\"https:\/\/www.formentera.es\/wp-content\/uploads\/2019\/05\/150-santjaume2016_net.jpg\",\"width\":1900,\"height\":1267},{\"@type\":\"BreadcrumbList\",\"@id\":\"https:\/\/www.formentera.es\/fr\/ete\/#breadcrumb\",\"itemListElement\":[{\"@type\":\"ListItem\",\"position\":1,\"name\":\"Portada\",\"item\":\"https:\/\/www.formentera.es\/fr\/\"},{\"@type\":\"ListItem\",\"position\":2,\"name\":\"\u00c9t\u00e9\"}]},{\"@type\":\"WebSite\",\"@id\":\"https:\/\/www.formentera.es\/#website\",\"url\":\"https:\/\/www.formentera.es\/\",\"name\":\"Turismo de Formentera\",\"description\":\"Web oficial de Turismo de Formentera\",\"potentialAction\":[{\"@type\":\"SearchAction\",\"target\":{\"@type\":\"EntryPoint\",\"urlTemplate\":\"https:\/\/www.formentera.es\/?s={search_term_string}\"},\"query-input\":{\"@type\":\"PropertyValueSpecification\",\"valueRequired\":true,\"valueName\":\"search_term_string\"}}],\"inLanguage\":\"fr-FR\"},{\"@type\":\"Person\",\"@id\":\"https:\/\/www.formentera.es\/#\/schema\/person\/b5a0b91e8ab8bc1155212d940bac3cf6\",\"name\":\"Patricia\",\"image\":{\"@type\":\"ImageObject\",\"inLanguage\":\"fr-FR\",\"@id\":\"https:\/\/www.formentera.es\/#\/schema\/person\/image\/\",\"url\":\"https:\/\/secure.gravatar.com\/avatar\/f54430d487ae75849f5631f71bf6c1b6af5b6429e75821768b038da44e1b0627?s=96&d=mm&r=g\",\"contentUrl\":\"https:\/\/secure.gravatar.com\/avatar\/f54430d487ae75849f5631f71bf6c1b6af5b6429e75821768b038da44e1b0627?s=96&d=mm&r=g\",\"caption\":\"Patricia\"}}]}<\/script>\n<!-- \/ Yoast SEO plugin. -->","yoast_head_json":{"title":"\u00c9t\u00e9 | Turismo de Formentera","robots":{"index":"index","follow":"follow","max-snippet":"max-snippet:-1","max-image-preview":"max-image-preview:large","max-video-preview":"max-video-preview:-1"},"canonical":"https:\/\/www.formentera.es\/fr\/ete\/","og_locale":"fr_FR","og_type":"article","og_title":"\u00c9t\u00e9 | Turismo de Formentera","og_description":"[vc_row][vc_column width=\u00a0\u00bb2\/3&Prime;][vc_column_text css=\u00a0\u00bb\u00a0\u00bb]Cet \u00e9t\u00e9 \u00e0 Formentera, des plages de sable fin vous attendent avec des [&hellip;]","og_url":"https:\/\/www.formentera.es\/fr\/ete\/","og_site_name":"Turismo de Formentera","article_publisher":"https:\/\/www.facebook.com\/turismoformentera\/","article_published_time":"2019-01-01T09:00:27+00:00","article_modified_time":"2026-02-03T09:24:52+00:00","og_image":[{"width":1900,"height":1267,"url":"https:\/\/www.formentera.es\/wp-content\/uploads\/2019\/05\/150-santjaume2016_net.jpg","type":"image\/jpeg"}],"author":"Patricia","twitter_card":"summary_large_image","twitter_creator":"@visitformentera","twitter_site":"@visitformentera","twitter_misc":{"\u00c9crit par":"Patricia","Dur\u00e9e de lecture estim\u00e9e":"3 minutes"},"schema":{"@context":"https:\/\/schema.org","@graph":[{"@type":"WebPage","@id":"https:\/\/www.formentera.es\/fr\/ete\/","url":"https:\/\/www.formentera.es\/fr\/ete\/","name":"\u00c9t\u00e9 | Turismo de Formentera","isPartOf":{"@id":"https:\/\/www.formentera.es\/#website"},"primaryImageOfPage":{"@id":"https:\/\/www.formentera.es\/fr\/ete\/#primaryimage"},"image":{"@id":"https:\/\/www.formentera.es\/fr\/ete\/#primaryimage"},"thumbnailUrl":"https:\/\/www.formentera.es\/wp-content\/uploads\/2019\/05\/150-santjaume2016_net.jpg","datePublished":"2019-01-01T09:00:27+00:00","dateModified":"2026-02-03T09:24:52+00:00","author":{"@id":"https:\/\/www.formentera.es\/#\/schema\/person\/b5a0b91e8ab8bc1155212d940bac3cf6"},"breadcrumb":{"@id":"https:\/\/www.formentera.es\/fr\/ete\/#breadcrumb"},"inLanguage":"fr-FR","potentialAction":[{"@type":"ReadAction","target":["https:\/\/www.formentera.es\/fr\/ete\/"]}]},{"@type":"ImageObject","inLanguage":"fr-FR","@id":"https:\/\/www.formentera.es\/fr\/ete\/#primaryimage","url":"https:\/\/www.formentera.es\/wp-content\/uploads\/2019\/05\/150-santjaume2016_net.jpg","contentUrl":"https:\/\/www.formentera.es\/wp-content\/uploads\/2019\/05\/150-santjaume2016_net.jpg","width":1900,"height":1267},{"@type":"BreadcrumbList","@id":"https:\/\/www.formentera.es\/fr\/ete\/#breadcrumb","itemListElement":[{"@type":"ListItem","position":1,"name":"Portada","item":"https:\/\/www.formentera.es\/fr\/"},{"@type":"ListItem","position":2,"name":"\u00c9t\u00e9"}]},{"@type":"WebSite","@id":"https:\/\/www.formentera.es\/#website","url":"https:\/\/www.formentera.es\/","name":"Turismo de Formentera","description":"Web oficial de Turismo de Formentera","potentialAction":[{"@type":"SearchAction","target":{"@type":"EntryPoint","urlTemplate":"https:\/\/www.formentera.es\/?s={search_term_string}"},"query-input":{"@type":"PropertyValueSpecification","valueRequired":true,"valueName":"search_term_string"}}],"inLanguage":"fr-FR"},{"@type":"Person","@id":"https:\/\/www.formentera.es\/#\/schema\/person\/b5a0b91e8ab8bc1155212d940bac3cf6","name":"Patricia","image":{"@type":"ImageObject","inLanguage":"fr-FR","@id":"https:\/\/www.formentera.es\/#\/schema\/person\/image\/","url":"https:\/\/secure.gravatar.com\/avatar\/f54430d487ae75849f5631f71bf6c1b6af5b6429e75821768b038da44e1b0627?s=96&d=mm&r=g","contentUrl":"https:\/\/secure.gravatar.com\/avatar\/f54430d487ae75849f5631f71bf6c1b6af5b6429e75821768b038da44e1b0627?s=96&d=mm&r=g","caption":"Patricia"}}]}},"_links":{"self":[{"href":"https:\/\/www.formentera.es\/fr\/wp-json\/wp\/v2\/posts\/7189","targetHints":{"allow":["GET"]}}],"collection":[{"href":"https:\/\/www.formentera.es\/fr\/wp-json\/wp\/v2\/posts"}],"about":[{"href":"https:\/\/www.formentera.es\/fr\/wp-json\/wp\/v2\/types\/post"}],"author":[{"embeddable":true,"href":"https:\/\/www.formentera.es\/fr\/wp-json\/wp\/v2\/users\/3"}],"replies":[{"embeddable":true,"href":"https:\/\/www.formentera.es\/fr\/wp-json\/wp\/v2\/comments?post=7189"}],"version-history":[{"count":2,"href":"https:\/\/www.formentera.es\/fr\/wp-json\/wp\/v2\/posts\/7189\/revisions"}],"predecessor-version":[{"id":56138,"href":"https:\/\/www.formentera.es\/fr\/wp-json\/wp\/v2\/posts\/7189\/revisions\/56138"}],"wp:featuredmedia":[{"embeddable":true,"href":"https:\/\/www.formentera.es\/fr\/wp-json\/wp\/v2\/media\/7104"}],"wp:attachment":[{"href":"https:\/\/www.formentera.es\/fr\/wp-json\/wp\/v2\/media?parent=7189"}],"wp:term":[{"taxonomy":"category","embeddable":true,"href":"https:\/\/www.formentera.es\/fr\/wp-json\/wp\/v2\/categories?post=7189"},{"taxonomy":"post_tag","embeddable":true,"href":"https:\/\/www.formentera.es\/fr\/wp-json\/wp\/v2\/tags?post=7189"}],"curies":[{"name":"wp","href":"https:\/\/api.w.org\/{rel}","templated":true}]}}