{"id":5811,"date":"2019-01-01T03:00:44","date_gmt":"2019-01-01T02:00:44","guid":{"rendered":"https:\/\/www.formentera.es\/formentera-2-0\/"},"modified":"2026-02-02T10:30:41","modified_gmt":"2026-02-02T09:30:41","slug":"formentera20","status":"publish","type":"post","link":"https:\/\/www.formentera.es\/fr\/formentera20\/","title":{"rendered":"Formentera20"},"content":{"rendered":"<div class=\"wpb-content-wrapper\"><p>[vc_row css=\u00a0\u00bb.vc_custom_1553860667984{margin-right: 0px !important;margin-left: 0px !important;}\u00a0\u00bb][vc_column width=\u00a0\u00bb2\/3&Prime;][vc_column_text css=\u00a0\u00bb\u00a0\u00bb]<a href=\"http:\/\/formentera20.com\/\">Formentera20<\/a>. des journ\u00e9es de la culture digitale, des nouvelles technologies et de la communication organis\u00e9es chaque ann\u00e9e \u00e0 cet endroit unique qu\u2019est l\u2019\u00eele de Formentera.<\/p>\n<p>Formentera20 s\u2019adresse aux journalistes, amateurs de la communication et du <i>marketing<\/i> digital, cr\u00e9ateurs, entrepreneurs, institutions, d\u00e9partement de communication, <i>community managers<\/i>, gestionnaires des contenus, <i>bloggers<\/i> et professionnels ind\u00e9pendants qui souhaitent communiquer leur projet ou leur entreprise. De m\u00eame, l\u2019\u00e9v\u00e9nement s\u2019ouvre \u00e9galement au public en g\u00e9n\u00e9ral. Tout particuli\u00e8rement \u00e0 toutes les personnes curieuses et aux amateurs du monde digital qui souhaitent partager leurs talents et connaissances dans un espace de proximit\u00e9.<\/p>\n<p>Les journ\u00e9es se d\u00e9rouleront dans diff\u00e9rents espaces de l\u2019\u00eele, facilitant l\u2019interrelation entre toutes les personnes pr\u00e9sentes, encourageant le <i>networking<\/i> et les relations professionnelles. Une occasion pour partager le talent, la connaissance et les derni\u00e8res tendances dans le monde digital \u00e0 c\u00f4t\u00e9 de professionnels de renomm\u00e9e.<\/p>\n<p>Pour les inscriptions et pour de plus amples renseignements, visitez \u00a0<a href=\"http:\/\/www.formentera20.com\">www.formentera20.com<\/a>[\/vc_column_text][\/vc_column][vc_column width=\u00a0\u00bb1\/3&Prime;][vc_column_text]<div id=\"sidebar_ficha\"><div class=\"spost\"><div class=\"tag\">Mai<\/div><a href=\"http:\/\/www.formentera20.com\" class=\"tag\" target=\"_blank\">Site de l'\u00e9v\u00e9nement<\/a><\/div><div class=\"bloc_share\"><div class=\"tit_medium\">Partager<\/div><div class=\"redes_ficha\"><div class=\"fa fa fa-brands fa-x-twitter st-custom-button\" data-network=\"twitter\"><\/div><div class=\"fa fa-facebook st-custom-button\" data-network=\"facebook\"><\/div><div class=\"fa fa-pinterest-p st-custom-button\" data-network=\"pinterest\"><\/div><\/div><div class=\"tit_medium\">Envoyer \u00e0 un ami<\/div><div class=\"redes_ficha\"><div class=\"fa fa-envelope st-custom-button\" data-network=\"email\"><\/div><div class=\"fa fa-whatsapp st-custom-button\" data-network=\"whatsapp\"><\/div><\/div><\/div><\/div>[\/vc_column_text][\/vc_column][\/vc_row][vc_row full_width=\u00a0\u00bbstretch_row_content_no_spaces\u00a0\u00bb][vc_column][vc_column_text]<style>#jtg-1813 .modula-item .jtg-social a, .lightbox-socials.jtg-social a{ fill: #ffffff; color: #ffffff }#jtg-1813 .modula-item .jtg-social-mobile a{ fill: #ffffff; color: #ffffff }#jtg-1813 .modula-item .jtg-social svg, .lightbox-socials.jtg-social svg { height: 16px; width: 16px }#jtg-1813 .modula-item .jtg-social-mobile svg { height: 16px; width: 16px }#jtg-1813 .modula-item .jtg-social a:not(:last-child), .lightbox-socials.jtg-social a:not(:last-child) { margin-right: 10px }#jtg-1813 .modula-item .jtg-social-mobile .jtg-social-mobile-icons a:not(:last-child){ margin-right: 10px }#jtg-1813 .modula-item .figc {color:#ffffff;}#jtg-1813 .modula-item .modula-item-content { transform: scale(1) }#jtg-1813 .modula-items .figc p.description { font-size:14px; }#jtg-1813 .modula-items .figc p.description { color:#ffffff;}#jtg-1813.modula-gallery .modula-item > a, #jtg-1813.modula-gallery .modula-item, #jtg-1813.modula-gallery .modula-item-content > a:not(.modula-no-follow) { cursor:zoom-in; } #jtg-1813.modula-gallery .modula-item-content .modula-no-follow { cursor: default; } #jtg-1813 .modula-item { background-color:#000000; }#jtg-1813 .modula-item:hover img { opacity: 0.5; }#jtg-1813 .modula-item { transform: scale(1) translate(0px,0px) rotate(0deg); }@media screen and (max-width:480px){#jtg-1813 .modula-item .figc .jtg-title {  font-size: 12px; }#jtg-1813 .modula-items .figc p.description { color:#ffffff;font-size:10px; }}<\/style>\n<div  id=\"jtg-1813\" class=\"modula modula-gallery modula-custom-grid\" data-config=\"{&quot;height&quot;:800,&quot;tabletHeight&quot;:800,&quot;mobileHeight&quot;:800,&quot;desktopHeight&quot;:800,&quot;enableTwitter&quot;:false,&quot;enableWhatsapp&quot;:false,&quot;enableFacebook&quot;:false,&quot;enablePinterest&quot;:false,&quot;enableLinkedin&quot;:false,&quot;enableEmail&quot;:false,&quot;randomFactor&quot;:0.5,&quot;type&quot;:&quot;custom-grid&quot;,&quot;columns&quot;:12,&quot;gutter&quot;:10,&quot;mobileGutter&quot;:10,&quot;tabletGutter&quot;:10,&quot;desktopGutter&quot;:10,&quot;enableResponsive&quot;:true,&quot;tabletColumns&quot;:2,&quot;mobileColumns&quot;:1,&quot;lazyLoad&quot;:&quot;0&quot;,&quot;lightboxOpts&quot;:{&quot;animated&quot;:true,&quot;Thumbs&quot;:{&quot;type&quot;:&quot;modern&quot;,&quot;showOnStart&quot;:false},&quot;Toolbar&quot;:{&quot;display&quot;:{&quot;right&quot;:[&quot;close&quot;]},&quot;enabled&quot;:true},&quot;Carousel&quot;:{&quot;Panzoom&quot;:{&quot;touch&quot;:false},&quot;infinite&quot;:false},&quot;keyboard&quot;:{&quot;Escape&quot;:&quot;close&quot;,&quot;Delete&quot;:&quot;close&quot;,&quot;Backspace&quot;:&quot;close&quot;,&quot;PageUp&quot;:false,&quot;PageDown&quot;:false,&quot;ArrowUp&quot;:false,&quot;ArrowDown&quot;:false,&quot;ArrowRight&quot;:false,&quot;ArrowLeft&quot;:false},&quot;touch&quot;:false,&quot;backdropClick&quot;:false,&quot;l10n&quot;:{&quot;CLOSE&quot;:&quot;Close&quot;,&quot;NEXT&quot;:&quot;Next&quot;,&quot;PREV&quot;:&quot;Previous&quot;,&quot;Error&quot;:&quot;The requested content cannot be loaded. Please try again later.&quot;,&quot;PLAY_START&quot;:&quot;Start slideshow&quot;,&quot;PLAY_STOP&quot;:&quot;Pause slideshow&quot;,&quot;FULL_SCREEN&quot;:&quot;Full screen&quot;,&quot;THUMBS&quot;:&quot;Thumbnails&quot;,&quot;DOWNLOAD&quot;:&quot;Download&quot;,&quot;SHARE&quot;:&quot;Share&quot;,&quot;ZOOM&quot;:&quot;Zoom&quot;,&quot;EMAIL&quot;:&quot;Here is the link to the image : %%image_link%% and this is the link to the gallery : %%gallery_link%%&quot;,&quot;MODAL&quot;:&quot;You can close this modal content with the ESC key&quot;,&quot;ERROR&quot;:&quot;Something Went Wrong, Please Try Again Later&quot;,&quot;IMAGE_ERROR&quot;:&quot;Image Not Found&quot;,&quot;ELEMENT_NOT_FOUND&quot;:&quot;HTML Element Not Found&quot;,&quot;AJAX_NOT_FOUND&quot;:&quot;Error Loading AJAX : Not Found&quot;,&quot;AJAX_FORBIDDEN&quot;:&quot;Error Loading AJAX : Forbidden&quot;,&quot;IFRAME_ERROR&quot;:&quot;Error Loading Page&quot;,&quot;TOGGLE_ZOOM&quot;:&quot;Toggle zoom level&quot;,&quot;TOGGLE_THUMBS&quot;:&quot;Toggle thumbnails&quot;,&quot;TOGGLE_SLIDESHOW&quot;:&quot;Toggle slideshow&quot;,&quot;TOGGLE_FULLSCREEN&quot;:&quot;Toggle full-screen mode&quot;},&quot;Images&quot;:{&quot;Panzoom&quot;:{&quot;maxScale&quot;:2}},&quot;mainClass&quot;:&quot;modula-fancybox-container modula-lightbox-jtg-1813&quot;,&quot;Html&quot;:{&quot;videoAutoplay&quot;:0,&quot;videoTpl&quot;:&quot;&lt;video class=\\&quot;fancybox__html5video\\&quot; controls muted playsinline controlsList controlsList=\\&quot;nodownload\\&quot; poster=\\&quot;{{poster}}\\&quot; src=\\&quot;{{src}}\\&quot; type=\\&quot;{{format}}\\&quot; &gt;  Sorry, your browser doesn&#039;t support embedded videos, &lt;a href=\\&quot;{{src}}\\&quot;&gt; download &lt;\\\/a&gt; and watch with your favorite video player! &lt;\\\/video&gt;&quot;}},&quot;inView&quot;:false,&quot;email_subject&quot;:&quot;\\u00a1\\u00a1Mira esta impresionante imagen!!&quot;,&quot;email_message&quot;:&quot;Este es el enlace a la imagen: %%image_link%% y este es el enlace a la galer\\u00eda: %%gallery_link%%&quot;,&quot;lightbox&quot;:&quot;fancybox&quot;,&quot;filterClick&quot;:&quot;0&quot;,&quot;defaultActiveFilter&quot;:&quot;all&quot;}\">\n\n\t\n\t<div  class=\"modula-items\">\n\t\t<div class=\"modula-item effect-quiet jtg-filter-all jtg-filter-\" data-width=\"6\" data-height=\"6\" >\n\t<div class=\"modula-item-overlay\"><\/div>\n\n\t<div class=\"modula-item-content\">\n\n\t\t\t\t\n\t\t\t\t\t<a data-image-id=\"21888\" tabindex=\"0\" href=\"https:\/\/www.formentera.es\/wp-content\/uploads\/2024\/04\/IMG_2981.jpg\" rel=\"jtg-1813\" data-caption=\"\" aria-label=\"Open image in lightbox\" role=\"button\" data-cyclefilter=\"show\" data-fancybox=\"jtg-1813\" class=\"tile-inner modula-item-link\"><\/a>\n\t\t\n\t\t<img loading=\"lazy\" decoding=\"async\" class=\"pic wp-image-21888\"  data-valign=\"middle\" data-halign=\"center\" alt=\"\" data-full=\"https:\/\/www.formentera.es\/wp-content\/uploads\/2024\/04\/IMG_2981.jpg\" title=\"IMG_2981\" width=\"1900\" height=\"1267\" src=\"https:\/\/www.formentera.es\/wp-content\/uploads\/2024\/04\/IMG_2981.jpg\" data-src=\"https:\/\/www.formentera.es\/wp-content\/uploads\/2024\/04\/IMG_2981.jpg\" data-caption=\"\" srcset=\"https:\/\/www.formentera.es\/wp-content\/uploads\/2024\/04\/IMG_2981.jpg 1900w, https:\/\/www.formentera.es\/wp-content\/uploads\/2024\/04\/IMG_2981-300x200.jpg 300w, https:\/\/www.formentera.es\/wp-content\/uploads\/2024\/04\/IMG_2981-768x512.jpg 768w, https:\/\/www.formentera.es\/wp-content\/uploads\/2024\/04\/IMG_2981-1024x683.jpg 1024w\" sizes=\"auto, (max-width: 1900px) 100vw, 1900px\" \/>\n\t\t<div class=\"figc no-description\">\n\t\t\t<div class=\"figc-inner\">\n\t\t\t\t\t\t\t\t\t\t\t\t\t\t\t<\/div>\n\t\t<\/div>\n\n\t<\/div>\n\n<\/div><div class=\"modula-item effect-quiet jtg-filter-all jtg-filter-\" data-width=\"6\" data-height=\"5\" >\n\t<div class=\"modula-item-overlay\"><\/div>\n\n\t<div class=\"modula-item-content\">\n\n\t\t\t\t\n\t\t\t\t\t<a data-image-id=\"21881\" tabindex=\"0\" href=\"https:\/\/www.formentera.es\/wp-content\/uploads\/2024\/04\/IMG_3214.jpg\" rel=\"jtg-1813\" data-caption=\"\" aria-label=\"Open image in lightbox\" role=\"button\" data-cyclefilter=\"show\" data-fancybox=\"jtg-1813\" class=\"tile-inner modula-item-link\"><\/a>\n\t\t\n\t\t<img loading=\"lazy\" decoding=\"async\" class=\"pic wp-image-21881\"  data-valign=\"middle\" data-halign=\"center\" alt=\"\" data-full=\"https:\/\/www.formentera.es\/wp-content\/uploads\/2024\/04\/IMG_3214.jpg\" title=\"IMG_3214\" width=\"1900\" height=\"1267\" src=\"https:\/\/www.formentera.es\/wp-content\/uploads\/2024\/04\/IMG_3214.jpg\" data-src=\"https:\/\/www.formentera.es\/wp-content\/uploads\/2024\/04\/IMG_3214.jpg\" data-caption=\"\" srcset=\"https:\/\/www.formentera.es\/wp-content\/uploads\/2024\/04\/IMG_3214.jpg 1900w, https:\/\/www.formentera.es\/wp-content\/uploads\/2024\/04\/IMG_3214-300x200.jpg 300w, https:\/\/www.formentera.es\/wp-content\/uploads\/2024\/04\/IMG_3214-768x512.jpg 768w, https:\/\/www.formentera.es\/wp-content\/uploads\/2024\/04\/IMG_3214-1024x683.jpg 1024w\" sizes=\"auto, (max-width: 1900px) 100vw, 1900px\" \/>\n\t\t<div class=\"figc no-description\">\n\t\t\t<div class=\"figc-inner\">\n\t\t\t\t\t\t\t\t\t\t\t\t\t\t\t<\/div>\n\t\t<\/div>\n\n\t<\/div>\n\n<\/div><div class=\"modula-item effect-quiet jtg-filter-all jtg-filter-\" data-width=\"6\" data-height=\"5\" >\n\t<div class=\"modula-item-overlay\"><\/div>\n\n\t<div class=\"modula-item-content\">\n\n\t\t\t\t\n\t\t\t\t\t<a data-image-id=\"21951\" tabindex=\"0\" href=\"https:\/\/www.formentera.es\/wp-content\/uploads\/2024\/04\/c3e77372-df55-4c8f-9f6c-Rosa-a-contraluz.jpg\" rel=\"jtg-1813\" data-caption=\"\" aria-label=\"Open image in lightbox\" role=\"button\" data-cyclefilter=\"show\" data-fancybox=\"jtg-1813\" class=\"tile-inner modula-item-link\"><\/a>\n\t\t\n\t\t<img loading=\"lazy\" decoding=\"async\" class=\"pic wp-image-21951\"  data-valign=\"middle\" data-halign=\"center\" alt=\"\" data-full=\"https:\/\/www.formentera.es\/wp-content\/uploads\/2024\/04\/c3e77372-df55-4c8f-9f6c-Rosa-a-contraluz.jpg\" title=\"c3e77372-df55-4c8f-9f6c-Rosa a contraluz\" width=\"768\" height=\"1024\" src=\"https:\/\/www.formentera.es\/wp-content\/uploads\/2024\/04\/c3e77372-df55-4c8f-9f6c-Rosa-a-contraluz.jpg\" data-src=\"https:\/\/www.formentera.es\/wp-content\/uploads\/2024\/04\/c3e77372-df55-4c8f-9f6c-Rosa-a-contraluz.jpg\" data-caption=\"\" srcset=\"https:\/\/www.formentera.es\/wp-content\/uploads\/2024\/04\/c3e77372-df55-4c8f-9f6c-Rosa-a-contraluz.jpg 768w, https:\/\/www.formentera.es\/wp-content\/uploads\/2024\/04\/c3e77372-df55-4c8f-9f6c-Rosa-a-contraluz-225x300.jpg 225w\" sizes=\"auto, (max-width: 768px) 100vw, 768px\" \/>\n\t\t<div class=\"figc no-description\">\n\t\t\t<div class=\"figc-inner\">\n\t\t\t\t\t\t\t\t\t\t\t\t\t\t\t<\/div>\n\t\t<\/div>\n\n\t<\/div>\n\n<\/div><div class=\"modula-item effect-quiet jtg-filter-all jtg-filter-\" data-width=\"6\" data-height=\"4\" >\n\t<div class=\"modula-item-overlay\"><\/div>\n\n\t<div class=\"modula-item-content\">\n\n\t\t\t\t\n\t\t\t\t\t<a data-image-id=\"21895\" tabindex=\"0\" href=\"https:\/\/www.formentera.es\/wp-content\/uploads\/2024\/04\/IMG_3165.jpg\" rel=\"jtg-1813\" data-caption=\"\" aria-label=\"Open image in lightbox\" role=\"button\" data-cyclefilter=\"show\" data-fancybox=\"jtg-1813\" class=\"tile-inner modula-item-link\"><\/a>\n\t\t\n\t\t<img loading=\"lazy\" decoding=\"async\" class=\"pic wp-image-21895\"  data-valign=\"middle\" data-halign=\"center\" alt=\"\" data-full=\"https:\/\/www.formentera.es\/wp-content\/uploads\/2024\/04\/IMG_3165.jpg\" title=\"IMG_3165\" width=\"1900\" height=\"1267\" src=\"https:\/\/www.formentera.es\/wp-content\/uploads\/2024\/04\/IMG_3165.jpg\" data-src=\"https:\/\/www.formentera.es\/wp-content\/uploads\/2024\/04\/IMG_3165.jpg\" data-caption=\"\" srcset=\"https:\/\/www.formentera.es\/wp-content\/uploads\/2024\/04\/IMG_3165.jpg 1900w, https:\/\/www.formentera.es\/wp-content\/uploads\/2024\/04\/IMG_3165-300x200.jpg 300w, https:\/\/www.formentera.es\/wp-content\/uploads\/2024\/04\/IMG_3165-768x512.jpg 768w, https:\/\/www.formentera.es\/wp-content\/uploads\/2024\/04\/IMG_3165-1024x683.jpg 1024w\" sizes=\"auto, (max-width: 1900px) 100vw, 1900px\" \/>\n\t\t<div class=\"figc no-description\">\n\t\t\t<div class=\"figc-inner\">\n\t\t\t\t\t\t\t\t\t\t\t\t\t\t\t<\/div>\n\t\t<\/div>\n\n\t<\/div>\n\n<\/div><div class=\"modula-item effect-quiet jtg-filter-all jtg-filter-\" data-width=\"4\" data-height=\"4\" >\n\t<div class=\"modula-item-overlay\"><\/div>\n\n\t<div class=\"modula-item-content\">\n\n\t\t\t\t\n\t\t\t\t\t<a data-image-id=\"21944\" tabindex=\"0\" href=\"https:\/\/www.formentera.es\/wp-content\/uploads\/2024\/04\/IMG_3550.jpg\" rel=\"jtg-1813\" data-caption=\"\" aria-label=\"Open image in lightbox\" role=\"button\" data-cyclefilter=\"show\" data-fancybox=\"jtg-1813\" class=\"tile-inner modula-item-link\"><\/a>\n\t\t\n\t\t<img loading=\"lazy\" decoding=\"async\" class=\"pic wp-image-21944\"  data-valign=\"bottom\" data-halign=\"center\" alt=\"\" data-full=\"https:\/\/www.formentera.es\/wp-content\/uploads\/2024\/04\/IMG_3550.jpg\" title=\"IMG_3550\" width=\"768\" height=\"1024\" src=\"https:\/\/www.formentera.es\/wp-content\/uploads\/2024\/04\/IMG_3550.jpg\" data-src=\"https:\/\/www.formentera.es\/wp-content\/uploads\/2024\/04\/IMG_3550.jpg\" data-caption=\"\" srcset=\"https:\/\/www.formentera.es\/wp-content\/uploads\/2024\/04\/IMG_3550.jpg 768w, https:\/\/www.formentera.es\/wp-content\/uploads\/2024\/04\/IMG_3550-225x300.jpg 225w\" sizes=\"auto, (max-width: 768px) 100vw, 768px\" \/>\n\t\t<div class=\"figc no-description\">\n\t\t\t<div class=\"figc-inner\">\n\t\t\t\t\t\t\t\t\t\t\t\t\t\t\t<\/div>\n\t\t<\/div>\n\n\t<\/div>\n\n<\/div><div class=\"modula-item effect-quiet jtg-filter-all jtg-filter-\" data-width=\"4\" data-height=\"4\" >\n\t<div class=\"modula-item-overlay\"><\/div>\n\n\t<div class=\"modula-item-content\">\n\n\t\t\t\t\n\t\t\t\t\t<a data-image-id=\"21874\" tabindex=\"0\" href=\"https:\/\/www.formentera.es\/wp-content\/uploads\/2024\/04\/formentera20.jpg\" rel=\"jtg-1813\" data-caption=\"\" aria-label=\"Open image in lightbox\" role=\"button\" data-cyclefilter=\"show\" data-fancybox=\"jtg-1813\" class=\"tile-inner modula-item-link\"><\/a>\n\t\t\n\t\t<img loading=\"lazy\" decoding=\"async\" class=\"pic wp-image-21874\"  data-valign=\"middle\" data-halign=\"center\" alt=\"\" data-full=\"https:\/\/www.formentera.es\/wp-content\/uploads\/2024\/04\/formentera20.jpg\" title=\"formentera20\" width=\"1900\" height=\"1284\" src=\"https:\/\/www.formentera.es\/wp-content\/uploads\/2024\/04\/formentera20.jpg\" data-src=\"https:\/\/www.formentera.es\/wp-content\/uploads\/2024\/04\/formentera20.jpg\" data-caption=\"\" srcset=\"https:\/\/www.formentera.es\/wp-content\/uploads\/2024\/04\/formentera20.jpg 1900w, https:\/\/www.formentera.es\/wp-content\/uploads\/2024\/04\/formentera20-300x203.jpg 300w, https:\/\/www.formentera.es\/wp-content\/uploads\/2024\/04\/formentera20-768x519.jpg 768w, https:\/\/www.formentera.es\/wp-content\/uploads\/2024\/04\/formentera20-1024x692.jpg 1024w\" sizes=\"auto, (max-width: 1900px) 100vw, 1900px\" \/>\n\t\t<div class=\"figc no-description\">\n\t\t\t<div class=\"figc-inner\">\n\t\t\t\t\t\t\t\t\t\t\t\t\t\t\t<\/div>\n\t\t<\/div>\n\n\t<\/div>\n\n<\/div><div class=\"modula-item effect-quiet jtg-filter-all jtg-filter-\" data-width=\"4\" data-height=\"4\" >\n\t<div class=\"modula-item-overlay\"><\/div>\n\n\t<div class=\"modula-item-content\">\n\n\t\t\t\t\n\t\t\t\t\t<a data-image-id=\"21916\" tabindex=\"0\" href=\"https:\/\/www.formentera.es\/wp-content\/uploads\/2024\/04\/IMG_3397.jpg\" rel=\"jtg-1813\" data-caption=\"\" aria-label=\"Open image in lightbox\" role=\"button\" data-cyclefilter=\"show\" data-fancybox=\"jtg-1813\" class=\"tile-inner modula-item-link\"><\/a>\n\t\t\n\t\t<img loading=\"lazy\" decoding=\"async\" class=\"pic wp-image-21916\"  data-valign=\"middle\" data-halign=\"center\" alt=\"\" data-full=\"https:\/\/www.formentera.es\/wp-content\/uploads\/2024\/04\/IMG_3397.jpg\" title=\"IMG_3397\" width=\"1900\" height=\"1267\" src=\"https:\/\/www.formentera.es\/wp-content\/uploads\/2024\/04\/IMG_3397.jpg\" data-src=\"https:\/\/www.formentera.es\/wp-content\/uploads\/2024\/04\/IMG_3397.jpg\" data-caption=\"\" srcset=\"https:\/\/www.formentera.es\/wp-content\/uploads\/2024\/04\/IMG_3397.jpg 1900w, https:\/\/www.formentera.es\/wp-content\/uploads\/2024\/04\/IMG_3397-300x200.jpg 300w, https:\/\/www.formentera.es\/wp-content\/uploads\/2024\/04\/IMG_3397-768x512.jpg 768w, https:\/\/www.formentera.es\/wp-content\/uploads\/2024\/04\/IMG_3397-1024x683.jpg 1024w\" sizes=\"auto, (max-width: 1900px) 100vw, 1900px\" \/>\n\t\t<div class=\"figc no-description\">\n\t\t\t<div class=\"figc-inner\">\n\t\t\t\t\t\t\t\t\t\t\t\t\t\t\t<\/div>\n\t\t<\/div>\n\n\t<\/div>\n\n<\/div>\t\t\n\t<\/div>\n\n\t\n\t\n\t<script type=\"application\/ld+json\">\n\t{\n\t\t\"@context\": \"http:\/\/schema.org\",\n\t\t\"@type\"   : \"ImageGallery\",\n\t\t\"id\"      : \"https:\/\/www.formentera.es\/fr\/formentera20\/\",\n\t\t\"url\"     : \"https:\/\/www.formentera.es\/fr\/formentera20\/\"\n\t}\n\n\t<\/script>\n\n\t\n<\/div>\n[\/vc_column_text][\/vc_column][\/vc_row][vc_row full_width=\u00a0\u00bbstretch_row_content\u00a0\u00bb equal_height=\u00a0\u00bbyes\u00a0\u00bb css=\u00a0\u00bb.vc_custom_1530270547786{padding-top: 80px !important;}\u00a0\u00bb][vc_column][vc_column_text el_class=\u00a0\u00bbh1&Prime;]<\/p>\n<h2 style=\"text-align: center;\">Autres \u00e9v\u00e9nements susceptibles de vous int\u00e9resser<\/h2>\n<p>[\/vc_column_text][vc_basic_grid post_type=\u00a0\u00bbpost\u00a0\u00bb max_items=\u00a0\u00bb3&Prime; orderby=\u00a0\u00bbrand\u00a0\u00bb item=\u00a0\u00bb60&Prime; grid_id=\u00a0\u00bbvc_gid:1770024456324-261e5295-61bb-10&Prime; taxonomies=\u00a0\u00bb17&Prime;][\/vc_column][\/vc_row]<\/p>\n<\/div>","protected":false},"excerpt":{"rendered":"<p>[vc_row css=\u00a0\u00bb.vc_custom_1553860667984{margin-right: 0px !important;margin-left: 0px !important;}\u00a0\u00bb][vc_column width=\u00a0\u00bb2\/3&Prime;][vc_column_text css=\u00a0\u00bb\u00a0\u00bb]Formentera20. des journ\u00e9es de la culture digitale, des [&hellip;]<\/p>\n","protected":false},"author":1,"featured_media":21848,"comment_status":"closed","ping_status":"closed","sticky":false,"template":"","format":"standard","meta":{"_acf_changed":false,"footnotes":""},"categories":[1317],"tags":[],"class_list":["post-5811","post","type-post","status-publish","format-standard","hentry","category-evenements"],"acf":[],"yoast_head":"<!-- This site is optimized with the Yoast SEO plugin v25.5 - https:\/\/yoast.com\/wordpress\/plugins\/seo\/ -->\n<title>Formentera20 | Turismo de Formentera<\/title>\n<meta name=\"robots\" content=\"index, follow, max-snippet:-1, max-image-preview:large, max-video-preview:-1\" \/>\n<link rel=\"canonical\" href=\"https:\/\/www.formentera.es\/fr\/formentera20\/\" \/>\n<meta property=\"og:locale\" content=\"fr_FR\" \/>\n<meta property=\"og:type\" content=\"article\" \/>\n<meta property=\"og:title\" content=\"Formentera20 | Turismo de Formentera\" \/>\n<meta property=\"og:description\" content=\"[vc_row css=\u00a0\u00bb.vc_custom_1553860667984{margin-right: 0px !important;margin-left: 0px !important;}\u00a0\u00bb][vc_column width=\u00a0\u00bb2\/3&Prime;][vc_column_text css=\u00a0\u00bb\u00a0\u00bb]Formentera20. des journ\u00e9es de la culture digitale, des [&hellip;]\" \/>\n<meta property=\"og:url\" content=\"https:\/\/www.formentera.es\/fr\/formentera20\/\" \/>\n<meta property=\"og:site_name\" content=\"Turismo de Formentera\" \/>\n<meta property=\"article:publisher\" content=\"https:\/\/www.facebook.com\/turismoformentera\/\" \/>\n<meta property=\"article:published_time\" content=\"2019-01-01T02:00:44+00:00\" \/>\n<meta property=\"article:modified_time\" content=\"2026-02-02T09:30:41+00:00\" \/>\n<meta property=\"og:image\" content=\"https:\/\/www.formentera.es\/wp-content\/uploads\/2019\/01\/IMG_3548.jpg\" \/>\n\t<meta property=\"og:image:width\" content=\"1024\" \/>\n\t<meta property=\"og:image:height\" content=\"768\" \/>\n\t<meta property=\"og:image:type\" content=\"image\/jpeg\" \/>\n<meta name=\"author\" content=\"fugrafic\" \/>\n<meta name=\"twitter:card\" content=\"summary_large_image\" \/>\n<meta name=\"twitter:creator\" content=\"@visitformentera\" \/>\n<meta name=\"twitter:site\" content=\"@visitformentera\" \/>\n<meta name=\"twitter:label1\" content=\"\u00c9crit par\" \/>\n\t<meta name=\"twitter:data1\" content=\"fugrafic\" \/>\n\t<meta name=\"twitter:label2\" content=\"Dur\u00e9e de lecture estim\u00e9e\" \/>\n\t<meta name=\"twitter:data2\" content=\"2 minutes\" \/>\n<script type=\"application\/ld+json\" class=\"yoast-schema-graph\">{\"@context\":\"https:\/\/schema.org\",\"@graph\":[{\"@type\":\"WebPage\",\"@id\":\"https:\/\/www.formentera.es\/fr\/formentera20\/\",\"url\":\"https:\/\/www.formentera.es\/fr\/formentera20\/\",\"name\":\"Formentera20 | Turismo de Formentera\",\"isPartOf\":{\"@id\":\"https:\/\/www.formentera.es\/#website\"},\"primaryImageOfPage\":{\"@id\":\"https:\/\/www.formentera.es\/fr\/formentera20\/#primaryimage\"},\"image\":{\"@id\":\"https:\/\/www.formentera.es\/fr\/formentera20\/#primaryimage\"},\"thumbnailUrl\":\"https:\/\/www.formentera.es\/wp-content\/uploads\/2019\/01\/IMG_3548.jpg\",\"datePublished\":\"2019-01-01T02:00:44+00:00\",\"dateModified\":\"2026-02-02T09:30:41+00:00\",\"author\":{\"@id\":\"https:\/\/www.formentera.es\/#\/schema\/person\/bf060d78cf1cdf2c02f482a176b38409\"},\"breadcrumb\":{\"@id\":\"https:\/\/www.formentera.es\/fr\/formentera20\/#breadcrumb\"},\"inLanguage\":\"fr-FR\",\"potentialAction\":[{\"@type\":\"ReadAction\",\"target\":[\"https:\/\/www.formentera.es\/fr\/formentera20\/\"]}]},{\"@type\":\"ImageObject\",\"inLanguage\":\"fr-FR\",\"@id\":\"https:\/\/www.formentera.es\/fr\/formentera20\/#primaryimage\",\"url\":\"https:\/\/www.formentera.es\/wp-content\/uploads\/2019\/01\/IMG_3548.jpg\",\"contentUrl\":\"https:\/\/www.formentera.es\/wp-content\/uploads\/2019\/01\/IMG_3548.jpg\",\"width\":1024,\"height\":768},{\"@type\":\"BreadcrumbList\",\"@id\":\"https:\/\/www.formentera.es\/fr\/formentera20\/#breadcrumb\",\"itemListElement\":[{\"@type\":\"ListItem\",\"position\":1,\"name\":\"Portada\",\"item\":\"https:\/\/www.formentera.es\/fr\/\"},{\"@type\":\"ListItem\",\"position\":2,\"name\":\"Formentera20\"}]},{\"@type\":\"WebSite\",\"@id\":\"https:\/\/www.formentera.es\/#website\",\"url\":\"https:\/\/www.formentera.es\/\",\"name\":\"Turismo de Formentera\",\"description\":\"Web oficial de Turismo de Formentera\",\"potentialAction\":[{\"@type\":\"SearchAction\",\"target\":{\"@type\":\"EntryPoint\",\"urlTemplate\":\"https:\/\/www.formentera.es\/?s={search_term_string}\"},\"query-input\":{\"@type\":\"PropertyValueSpecification\",\"valueRequired\":true,\"valueName\":\"search_term_string\"}}],\"inLanguage\":\"fr-FR\"},{\"@type\":\"Person\",\"@id\":\"https:\/\/www.formentera.es\/#\/schema\/person\/bf060d78cf1cdf2c02f482a176b38409\",\"name\":\"fugrafic\",\"image\":{\"@type\":\"ImageObject\",\"inLanguage\":\"fr-FR\",\"@id\":\"https:\/\/www.formentera.es\/#\/schema\/person\/image\/\",\"url\":\"https:\/\/secure.gravatar.com\/avatar\/2f4071817a97d2499c5aae9674ee15015b5a3c7c0974ca84f095a8e4aadcda56?s=96&d=mm&r=g\",\"contentUrl\":\"https:\/\/secure.gravatar.com\/avatar\/2f4071817a97d2499c5aae9674ee15015b5a3c7c0974ca84f095a8e4aadcda56?s=96&d=mm&r=g\",\"caption\":\"fugrafic\"}}]}<\/script>\n<!-- \/ Yoast SEO plugin. -->","yoast_head_json":{"title":"Formentera20 | Turismo de Formentera","robots":{"index":"index","follow":"follow","max-snippet":"max-snippet:-1","max-image-preview":"max-image-preview:large","max-video-preview":"max-video-preview:-1"},"canonical":"https:\/\/www.formentera.es\/fr\/formentera20\/","og_locale":"fr_FR","og_type":"article","og_title":"Formentera20 | Turismo de Formentera","og_description":"[vc_row css=\u00a0\u00bb.vc_custom_1553860667984{margin-right: 0px !important;margin-left: 0px !important;}\u00a0\u00bb][vc_column width=\u00a0\u00bb2\/3&Prime;][vc_column_text css=\u00a0\u00bb\u00a0\u00bb]Formentera20. des journ\u00e9es de la culture digitale, des [&hellip;]","og_url":"https:\/\/www.formentera.es\/fr\/formentera20\/","og_site_name":"Turismo de Formentera","article_publisher":"https:\/\/www.facebook.com\/turismoformentera\/","article_published_time":"2019-01-01T02:00:44+00:00","article_modified_time":"2026-02-02T09:30:41+00:00","og_image":[{"width":1024,"height":768,"url":"https:\/\/www.formentera.es\/wp-content\/uploads\/2019\/01\/IMG_3548.jpg","type":"image\/jpeg"}],"author":"fugrafic","twitter_card":"summary_large_image","twitter_creator":"@visitformentera","twitter_site":"@visitformentera","twitter_misc":{"\u00c9crit par":"fugrafic","Dur\u00e9e de lecture estim\u00e9e":"2 minutes"},"schema":{"@context":"https:\/\/schema.org","@graph":[{"@type":"WebPage","@id":"https:\/\/www.formentera.es\/fr\/formentera20\/","url":"https:\/\/www.formentera.es\/fr\/formentera20\/","name":"Formentera20 | Turismo de Formentera","isPartOf":{"@id":"https:\/\/www.formentera.es\/#website"},"primaryImageOfPage":{"@id":"https:\/\/www.formentera.es\/fr\/formentera20\/#primaryimage"},"image":{"@id":"https:\/\/www.formentera.es\/fr\/formentera20\/#primaryimage"},"thumbnailUrl":"https:\/\/www.formentera.es\/wp-content\/uploads\/2019\/01\/IMG_3548.jpg","datePublished":"2019-01-01T02:00:44+00:00","dateModified":"2026-02-02T09:30:41+00:00","author":{"@id":"https:\/\/www.formentera.es\/#\/schema\/person\/bf060d78cf1cdf2c02f482a176b38409"},"breadcrumb":{"@id":"https:\/\/www.formentera.es\/fr\/formentera20\/#breadcrumb"},"inLanguage":"fr-FR","potentialAction":[{"@type":"ReadAction","target":["https:\/\/www.formentera.es\/fr\/formentera20\/"]}]},{"@type":"ImageObject","inLanguage":"fr-FR","@id":"https:\/\/www.formentera.es\/fr\/formentera20\/#primaryimage","url":"https:\/\/www.formentera.es\/wp-content\/uploads\/2019\/01\/IMG_3548.jpg","contentUrl":"https:\/\/www.formentera.es\/wp-content\/uploads\/2019\/01\/IMG_3548.jpg","width":1024,"height":768},{"@type":"BreadcrumbList","@id":"https:\/\/www.formentera.es\/fr\/formentera20\/#breadcrumb","itemListElement":[{"@type":"ListItem","position":1,"name":"Portada","item":"https:\/\/www.formentera.es\/fr\/"},{"@type":"ListItem","position":2,"name":"Formentera20"}]},{"@type":"WebSite","@id":"https:\/\/www.formentera.es\/#website","url":"https:\/\/www.formentera.es\/","name":"Turismo de Formentera","description":"Web oficial de Turismo de Formentera","potentialAction":[{"@type":"SearchAction","target":{"@type":"EntryPoint","urlTemplate":"https:\/\/www.formentera.es\/?s={search_term_string}"},"query-input":{"@type":"PropertyValueSpecification","valueRequired":true,"valueName":"search_term_string"}}],"inLanguage":"fr-FR"},{"@type":"Person","@id":"https:\/\/www.formentera.es\/#\/schema\/person\/bf060d78cf1cdf2c02f482a176b38409","name":"fugrafic","image":{"@type":"ImageObject","inLanguage":"fr-FR","@id":"https:\/\/www.formentera.es\/#\/schema\/person\/image\/","url":"https:\/\/secure.gravatar.com\/avatar\/2f4071817a97d2499c5aae9674ee15015b5a3c7c0974ca84f095a8e4aadcda56?s=96&d=mm&r=g","contentUrl":"https:\/\/secure.gravatar.com\/avatar\/2f4071817a97d2499c5aae9674ee15015b5a3c7c0974ca84f095a8e4aadcda56?s=96&d=mm&r=g","caption":"fugrafic"}}]}},"_links":{"self":[{"href":"https:\/\/www.formentera.es\/fr\/wp-json\/wp\/v2\/posts\/5811","targetHints":{"allow":["GET"]}}],"collection":[{"href":"https:\/\/www.formentera.es\/fr\/wp-json\/wp\/v2\/posts"}],"about":[{"href":"https:\/\/www.formentera.es\/fr\/wp-json\/wp\/v2\/types\/post"}],"author":[{"embeddable":true,"href":"https:\/\/www.formentera.es\/fr\/wp-json\/wp\/v2\/users\/1"}],"replies":[{"embeddable":true,"href":"https:\/\/www.formentera.es\/fr\/wp-json\/wp\/v2\/comments?post=5811"}],"version-history":[{"count":1,"href":"https:\/\/www.formentera.es\/fr\/wp-json\/wp\/v2\/posts\/5811\/revisions"}],"predecessor-version":[{"id":56006,"href":"https:\/\/www.formentera.es\/fr\/wp-json\/wp\/v2\/posts\/5811\/revisions\/56006"}],"wp:featuredmedia":[{"embeddable":true,"href":"https:\/\/www.formentera.es\/fr\/wp-json\/wp\/v2\/media\/21848"}],"wp:attachment":[{"href":"https:\/\/www.formentera.es\/fr\/wp-json\/wp\/v2\/media?parent=5811"}],"wp:term":[{"taxonomy":"category","embeddable":true,"href":"https:\/\/www.formentera.es\/fr\/wp-json\/wp\/v2\/categories?post=5811"},{"taxonomy":"post_tag","embeddable":true,"href":"https:\/\/www.formentera.es\/fr\/wp-json\/wp\/v2\/tags?post=5811"}],"curies":[{"name":"wp","href":"https:\/\/api.w.org\/{rel}","templated":true}]}}