{"id":7857,"date":"2019-01-01T10:00:22","date_gmt":"2019-01-01T09:00:22","guid":{"rendered":"https:\/\/www.formentera.es\/?p=7857"},"modified":"2026-02-03T10:25:04","modified_gmt":"2026-02-03T09:25:04","slug":"sommer","status":"publish","type":"post","link":"https:\/\/www.formentera.es\/de\/sommer\/","title":{"rendered":"Sommer"},"content":{"rendered":"<div class=\"wpb-content-wrapper\"><p>[vc_row][vc_column width=&#8220;2\/3&#8243;][vc_column_text css=&#8220;&#8220;]In diesem Sommer erwarten Dich in Formentera feine Sandstr\u00e5nde mit dem so charakteristischen Blau seines Meeres, das Dich auf den ersten Blick verliebt. Auch um Dich zu entspannen, wirst Du wundersch\u00f6ne Pl\u00e4tze finden, zwei zauberhafte Leuchtt\u00fcrme sowie wilde und medirerrane Natur. Wenn Du noch Kultur oder Sport geniessen m\u00f6chtest, gibt es noch viele Ereignisse, die Dich interessieren werden kennen zu lernen.<\/p>\n<p><strong>Musik auf den Pl\u00e4tzen:<\/strong><\/p>\n<ul>\n<li>Montag im Hafen: Montag um 22.00 Uhr auf der Marina-\u00dcberfahrt nach Savina. Vom 17. Juni bis zum 16. September.<\/li>\n<li>Dienstags auf der Mola: Um 22.00 Uhr am Plaza del Pilar de La Mola. Vom 18. Juni bis zum 24. September.<\/li>\n<li>World Music: Donnerstag um 22:30 Uhr auf dem Europaplatz der Pujols. Vom 20. Juni bis zum 26. September.<\/li>\n<li>Live-Musik: Freitag um 22.00 Uhr auf dem Platz der Kirche St. Ferdinand. Vom 21. Juni bis zum 27. September.<\/li>\n<li>Jazz auf dem Platz: Um 22.00 Uhr auf der Plaza de la Constitution de Sant Francesc Xavier. Vom 22. Juni bis zum 28. September.<\/li>\n<\/ul>\n<p><strong>Kunst- und Handwerksm\u00e4rkte<\/strong><\/p>\n<ul>\n<li>Der Handwerksmarkt der Mola: Mittwochs und Sonntag von 16:00 bis 22:00 Uhr auf der Mola Pilar.<\/li>\n<li>Markt Sant Francesc Xavier: Montag bis Sonntag von 10 bis 14 Uhr. Montag und Dienstag (nur Juli und August) von 20:00 bis 00:00 Uhr.<\/li>\n<li>Mercat von Es Pujols: Montag bis Sonntag 19:00 bis 00:00 Uhr.<\/li>\n<li>Der handwerkliche Markt Sant Ferran: Donnerstag, freitag und Samstag: 20:30 bis 00.00 Uhr.<\/li>\n<li>Kunstmarkt Sant Ferran: Donnerstag, freitag und Samstag von 20:30 bis 00.00 Uhr Mutterschaft: Montag bis Sonntag von 10:00 Uhr bis 00:00 Uhr Uhr.<\/li>\n<li>Second-hand markt: Tag und Samstag von 11:00 bis 14:00 Uhr Uhr im Garten von Ses Eres, in San Francesc Xavier.<\/li>\n<\/ul>\n<p><strong>Freiluftkino (Stand Juli):<\/strong><\/p>\n<ul>\n<li>Dienstag um 22 Uhr in Sant Francesc im Garten von ses eres<\/li>\n<li>Donnerstag in Sant Ferran um 22 Uhr in Plaza de la Iglesia<\/li>\n<li>Freitag in Pilar de la Mola, um 22 Uhr in la Casa del Poble<\/li>\n<\/ul>\n<p><strong>Feste und Sonderveranstaltungen:<\/strong><\/p>\n<ul>\n<li>Carmen Tag: 16. Juli.<\/li>\n<li>Sant Jaume: 25. Juli.<\/li>\n<li>Santa Mar\u00eda: 5. August.<\/li>\n<\/ul>\n<p><strong>Und auch &#8230;<\/strong><\/p>\n<ul>\n<li>Vollst\u00e4ndige Agenda mit allen Veranstaltungen:\u00a0<a href=\"https:\/\/www.formentera.es\/agenda\/\">https:\/\/www.formentera.es\/agenda\/<\/a><\/li>\n<li>Zustand der Str\u00e4nde: Wenn Sie den Zustand der Str\u00e4nde (Fahnen und Quallen) erfahren m\u00f6chten, ab 11.30 Uhr: http:\/\/www.platgesdebalears.com\/caplaibFront\/portada_isla.es.jsp?cIsl=FO<\/li>\n<li>Direkte Touristeninformation per Whasapp von Montag bis Freitag von 8 bis 15 Uhr. F\u00fcgen Sie unsere Nummer zu Ihren Kontakten hinzu und kontaktieren Sie uns: +34 607 11 17 16<\/li>\n<li>F\u00fchrer f\u00fcr Str\u00e4nde und gr\u00fcne Routen: https:\/\/www.formentera.es\/planifica\/folletos-mapas-y-guias\/<\/li>\n<\/ul>\n<p>[\/vc_column_text][\/vc_column][vc_column width=&#8220;1\/3&#8243;][vc_column_text]<div id=\"sidebar_ficha\"><div class=\"spost\"><div class=\"tag\">Sommer<\/div><\/div><div class=\"bloc_share\"><div class=\"tit_medium\">Teilen\r\n\u00fcbersetzungen<\/div><div class=\"redes_ficha\"><div class=\"fa fa fa-brands fa-x-twitter st-custom-button\" data-network=\"twitter\"><\/div><div class=\"fa fa-facebook st-custom-button\" data-network=\"facebook\"><\/div><div class=\"fa fa-pinterest-p st-custom-button\" data-network=\"pinterest\"><\/div><\/div><div class=\"tit_medium\">An einen Freund senden<\/div><div class=\"redes_ficha\"><div class=\"fa fa-envelope st-custom-button\" data-network=\"email\"><\/div><div class=\"fa fa-whatsapp st-custom-button\" data-network=\"whatsapp\"><\/div><\/div><\/div><\/div>[\/vc_column_text][\/vc_column][\/vc_row][vc_row][vc_column][vc_column_text]<\/p>\n<p>[\/vc_column_text][\/vc_column][\/vc_row][vc_row full_width=&#8220;stretch_row_content_no_spaces&#8220;][vc_column][vc_column_text]<style>#jtg-7108 .modula-item .jtg-social a, .lightbox-socials.jtg-social a{ fill: #ffffff; color: #ffffff }#jtg-7108 .modula-item .jtg-social-mobile a{ fill: #ffffff; color: #ffffff }#jtg-7108 .modula-item .jtg-social svg, .lightbox-socials.jtg-social svg { height: 16px; width: 16px }#jtg-7108 .modula-item .jtg-social-mobile svg { height: 16px; width: 16px }#jtg-7108 .modula-item .jtg-social a:not(:last-child), .lightbox-socials.jtg-social a:not(:last-child) { margin-right: 10px }#jtg-7108 .modula-item .jtg-social-mobile .jtg-social-mobile-icons a:not(:last-child){ margin-right: 10px }#jtg-7108 .modula-item .figc {color:#ffffff;}#jtg-7108 .modula-item .modula-item-content { transform: scale(1) }#jtg-7108 .modula-items .figc p.description { font-size:14px; }#jtg-7108 .modula-items .figc p.description { color:#ffffff;}#jtg-7108.modula-gallery .modula-item > a, #jtg-7108.modula-gallery .modula-item, #jtg-7108.modula-gallery .modula-item-content > a:not(.modula-no-follow) { cursor:zoom-in; } #jtg-7108.modula-gallery .modula-item-content .modula-no-follow { cursor: default; } #jtg-7108 .modula-item { background-color:#000000; }#jtg-7108 .modula-item:hover img { opacity: 0.5; }#jtg-7108 .modula-item { transform: scale(1) translate(0px,0px) rotate(0deg); }@media screen and (max-width:480px){#jtg-7108 .modula-item .figc .jtg-title {  font-size: 12px; }#jtg-7108 .modula-items .figc p.description { color:#ffffff;font-size:10px; }}<\/style>\n<div  id=\"jtg-7108\" class=\"modula modula-gallery modula-custom-grid\" data-config=\"{&quot;height&quot;:800,&quot;tabletHeight&quot;:800,&quot;mobileHeight&quot;:800,&quot;desktopHeight&quot;:800,&quot;enableTwitter&quot;:false,&quot;enableWhatsapp&quot;:false,&quot;enableFacebook&quot;:false,&quot;enablePinterest&quot;:false,&quot;enableLinkedin&quot;:false,&quot;enableEmail&quot;:false,&quot;randomFactor&quot;:0.5,&quot;type&quot;:&quot;custom-grid&quot;,&quot;columns&quot;:12,&quot;gutter&quot;:10,&quot;mobileGutter&quot;:10,&quot;tabletGutter&quot;:10,&quot;desktopGutter&quot;:10,&quot;enableResponsive&quot;:true,&quot;tabletColumns&quot;:2,&quot;mobileColumns&quot;:1,&quot;lazyLoad&quot;:&quot;0&quot;,&quot;lightboxOpts&quot;:{&quot;animated&quot;:true,&quot;Thumbs&quot;:{&quot;type&quot;:&quot;modern&quot;,&quot;showOnStart&quot;:false},&quot;Toolbar&quot;:{&quot;display&quot;:{&quot;right&quot;:[&quot;close&quot;]},&quot;enabled&quot;:true},&quot;Carousel&quot;:{&quot;Panzoom&quot;:{&quot;touch&quot;:false},&quot;infinite&quot;:false},&quot;keyboard&quot;:{&quot;Escape&quot;:&quot;close&quot;,&quot;Delete&quot;:&quot;close&quot;,&quot;Backspace&quot;:&quot;close&quot;,&quot;PageUp&quot;:false,&quot;PageDown&quot;:false,&quot;ArrowUp&quot;:false,&quot;ArrowDown&quot;:false,&quot;ArrowRight&quot;:false,&quot;ArrowLeft&quot;:false},&quot;touch&quot;:false,&quot;backdropClick&quot;:false,&quot;l10n&quot;:{&quot;CLOSE&quot;:&quot;Close&quot;,&quot;NEXT&quot;:&quot;Next&quot;,&quot;PREV&quot;:&quot;Previous&quot;,&quot;Error&quot;:&quot;The requested content cannot be loaded. Please try again later.&quot;,&quot;PLAY_START&quot;:&quot;Start slideshow&quot;,&quot;PLAY_STOP&quot;:&quot;Pause slideshow&quot;,&quot;FULL_SCREEN&quot;:&quot;Full screen&quot;,&quot;THUMBS&quot;:&quot;Thumbnails&quot;,&quot;DOWNLOAD&quot;:&quot;Download&quot;,&quot;SHARE&quot;:&quot;Share&quot;,&quot;ZOOM&quot;:&quot;Zoom&quot;,&quot;EMAIL&quot;:&quot;Here is the link to the image : %%image_link%% and this is the link to the gallery : %%gallery_link%%&quot;,&quot;MODAL&quot;:&quot;You can close this modal content with the ESC key&quot;,&quot;ERROR&quot;:&quot;Something Went Wrong, Please Try Again Later&quot;,&quot;IMAGE_ERROR&quot;:&quot;Image Not Found&quot;,&quot;ELEMENT_NOT_FOUND&quot;:&quot;HTML Element Not Found&quot;,&quot;AJAX_NOT_FOUND&quot;:&quot;Error Loading AJAX : Not Found&quot;,&quot;AJAX_FORBIDDEN&quot;:&quot;Error Loading AJAX : Forbidden&quot;,&quot;IFRAME_ERROR&quot;:&quot;Error Loading Page&quot;,&quot;TOGGLE_ZOOM&quot;:&quot;Toggle zoom level&quot;,&quot;TOGGLE_THUMBS&quot;:&quot;Toggle thumbnails&quot;,&quot;TOGGLE_SLIDESHOW&quot;:&quot;Toggle slideshow&quot;,&quot;TOGGLE_FULLSCREEN&quot;:&quot;Toggle full-screen mode&quot;},&quot;Images&quot;:{&quot;Panzoom&quot;:{&quot;maxScale&quot;:2}},&quot;mainClass&quot;:&quot;modula-fancybox-container modula-lightbox-jtg-7108&quot;,&quot;Html&quot;:{&quot;videoAutoplay&quot;:0,&quot;videoTpl&quot;:&quot;&lt;video class=\\&quot;fancybox__html5video\\&quot; controls muted playsinline controlsList controlsList=\\&quot;nodownload\\&quot; poster=\\&quot;{{poster}}\\&quot; src=\\&quot;{{src}}\\&quot; type=\\&quot;{{format}}\\&quot; &gt;  Sorry, your browser doesn&#039;t support embedded videos, &lt;a href=\\&quot;{{src}}\\&quot;&gt; download &lt;\\\/a&gt; and watch with your favorite video player! &lt;\\\/video&gt;&quot;}},&quot;inView&quot;:false,&quot;email_subject&quot;:&quot;\\u00a1\\u00a1Mira esta impresionante imagen!!&quot;,&quot;email_message&quot;:&quot;Este es el enlace a la imagen: %%image_link%% y este es el enlace a la galer\\u00eda: %%gallery_link%%&quot;,&quot;lightbox&quot;:&quot;fancybox&quot;,&quot;filterClick&quot;:&quot;0&quot;,&quot;defaultActiveFilter&quot;:&quot;all&quot;}\">\n\n\t\n\t<div  class=\"modula-items\">\n\t\t<div class=\"modula-item effect-quiet jtg-filter-all jtg-filter-\" data-width=\"6\" data-height=\"7\" >\n\t<div class=\"modula-item-overlay\"><\/div>\n\n\t<div class=\"modula-item-content\">\n\n\t\t\t\t\n\t\t\t\t\t<a data-image-id=\"7115\" tabindex=\"0\" href=\"https:\/\/www.formentera.es\/wp-content\/uploads\/2019\/05\/150-SantJaume2016_Catarres_03_net.jpg\" rel=\"jtg-7108\" data-caption=\"\" aria-label=\"Open image in lightbox\" role=\"button\" data-cyclefilter=\"show\" data-fancybox=\"jtg-7108\" class=\"tile-inner modula-item-link\"><\/a>\n\t\t\n\t\t<img loading=\"lazy\" decoding=\"async\" class=\"pic wp-image-7115\"  data-valign=\"middle\" data-halign=\"center\" alt=\"\" data-full=\"https:\/\/www.formentera.es\/wp-content\/uploads\/2019\/05\/150-SantJaume2016_Catarres_03_net.jpg\" title=\"150 SantJaume2016_Catarres_03_net\" width=\"1900\" height=\"1267\" src=\"https:\/\/www.formentera.es\/wp-content\/uploads\/2019\/05\/150-SantJaume2016_Catarres_03_net.jpg\" data-src=\"https:\/\/www.formentera.es\/wp-content\/uploads\/2019\/05\/150-SantJaume2016_Catarres_03_net.jpg\" data-caption=\"\" srcset=\"https:\/\/www.formentera.es\/wp-content\/uploads\/2019\/05\/150-SantJaume2016_Catarres_03_net.jpg 1900w, https:\/\/www.formentera.es\/wp-content\/uploads\/2019\/05\/150-SantJaume2016_Catarres_03_net-300x200.jpg 300w, https:\/\/www.formentera.es\/wp-content\/uploads\/2019\/05\/150-SantJaume2016_Catarres_03_net-768x512.jpg 768w, https:\/\/www.formentera.es\/wp-content\/uploads\/2019\/05\/150-SantJaume2016_Catarres_03_net-1024x683.jpg 1024w\" sizes=\"auto, (max-width: 1900px) 100vw, 1900px\" \/>\n\t\t<div class=\"figc no-description\">\n\t\t\t<div class=\"figc-inner\">\n\t\t\t\t\t\t\t\t\t\t\t\t\t\t\t<\/div>\n\t\t<\/div>\n\n\t<\/div>\n\n<\/div><div class=\"modula-item effect-quiet jtg-filter-all jtg-filter-\" data-width=\"6\" data-height=\"3\" >\n\t<div class=\"modula-item-overlay\"><\/div>\n\n\t<div class=\"modula-item-content\">\n\n\t\t\t\t\n\t\t\t\t\t<a data-image-id=\"7109\" tabindex=\"0\" href=\"https:\/\/www.formentera.es\/wp-content\/uploads\/2019\/05\/150-santjaume2016_03_net.jpg\" rel=\"jtg-7108\" data-caption=\"\" aria-label=\"Open image in lightbox\" role=\"button\" data-cyclefilter=\"show\" data-fancybox=\"jtg-7108\" class=\"tile-inner modula-item-link\"><\/a>\n\t\t\n\t\t<img loading=\"lazy\" decoding=\"async\" class=\"pic wp-image-7109\"  data-valign=\"middle\" data-halign=\"center\" alt=\"\" data-full=\"https:\/\/www.formentera.es\/wp-content\/uploads\/2019\/05\/150-santjaume2016_03_net.jpg\" title=\"150 santjaume2016_03_net\" width=\"1900\" height=\"1267\" src=\"https:\/\/www.formentera.es\/wp-content\/uploads\/2019\/05\/150-santjaume2016_03_net.jpg\" data-src=\"https:\/\/www.formentera.es\/wp-content\/uploads\/2019\/05\/150-santjaume2016_03_net.jpg\" data-caption=\"\" srcset=\"https:\/\/www.formentera.es\/wp-content\/uploads\/2019\/05\/150-santjaume2016_03_net.jpg 1900w, https:\/\/www.formentera.es\/wp-content\/uploads\/2019\/05\/150-santjaume2016_03_net-300x200.jpg 300w, https:\/\/www.formentera.es\/wp-content\/uploads\/2019\/05\/150-santjaume2016_03_net-768x512.jpg 768w, https:\/\/www.formentera.es\/wp-content\/uploads\/2019\/05\/150-santjaume2016_03_net-1024x683.jpg 1024w\" sizes=\"auto, (max-width: 1900px) 100vw, 1900px\" \/>\n\t\t<div class=\"figc no-description\">\n\t\t\t<div class=\"figc-inner\">\n\t\t\t\t\t\t\t\t\t\t\t\t\t\t\t<\/div>\n\t\t<\/div>\n\n\t<\/div>\n\n<\/div><div class=\"modula-item effect-quiet jtg-filter-all jtg-filter-\" data-width=\"6\" data-height=\"4\" >\n\t<div class=\"modula-item-overlay\"><\/div>\n\n\t<div class=\"modula-item-content\">\n\n\t\t\t\t\n\t\t\t\t\t<a data-image-id=\"7095\" tabindex=\"0\" href=\"https:\/\/www.formentera.es\/wp-content\/uploads\/2019\/05\/150-santjaume2016_09_elenamarco-copia.jpg\" rel=\"jtg-7108\" data-caption=\"\" aria-label=\"Open image in lightbox\" role=\"button\" data-cyclefilter=\"show\" data-fancybox=\"jtg-7108\" class=\"tile-inner modula-item-link\"><\/a>\n\t\t\n\t\t<img loading=\"lazy\" decoding=\"async\" class=\"pic wp-image-7095\"  data-valign=\"middle\" data-halign=\"center\" alt=\"\" data-full=\"https:\/\/www.formentera.es\/wp-content\/uploads\/2019\/05\/150-santjaume2016_09_elenamarco-copia.jpg\" title=\"150 santjaume2016_09_elenamarco copia\" width=\"1900\" height=\"1267\" src=\"https:\/\/www.formentera.es\/wp-content\/uploads\/2019\/05\/150-santjaume2016_09_elenamarco-copia.jpg\" data-src=\"https:\/\/www.formentera.es\/wp-content\/uploads\/2019\/05\/150-santjaume2016_09_elenamarco-copia.jpg\" data-caption=\"\" srcset=\"https:\/\/www.formentera.es\/wp-content\/uploads\/2019\/05\/150-santjaume2016_09_elenamarco-copia.jpg 1900w, https:\/\/www.formentera.es\/wp-content\/uploads\/2019\/05\/150-santjaume2016_09_elenamarco-copia-300x200.jpg 300w, https:\/\/www.formentera.es\/wp-content\/uploads\/2019\/05\/150-santjaume2016_09_elenamarco-copia-768x512.jpg 768w, https:\/\/www.formentera.es\/wp-content\/uploads\/2019\/05\/150-santjaume2016_09_elenamarco-copia-1024x683.jpg 1024w\" sizes=\"auto, (max-width: 1900px) 100vw, 1900px\" \/>\n\t\t<div class=\"figc no-description\">\n\t\t\t<div class=\"figc-inner\">\n\t\t\t\t\t\t\t\t\t\t\t\t\t\t\t<\/div>\n\t\t<\/div>\n\n\t<\/div>\n\n<\/div>\t\t\n\t<\/div>\n\n\t\n\t\n\t<script type=\"application\/ld+json\">\n\t{\n\t\t\"@context\": \"http:\/\/schema.org\",\n\t\t\"@type\"   : \"ImageGallery\",\n\t\t\"id\"      : \"https:\/\/www.formentera.es\/de\/sommer\/\",\n\t\t\"url\"     : \"https:\/\/www.formentera.es\/de\/sommer\/\"\n\t}\n\n\t<\/script>\n\n\t\n<\/div>\n[\/vc_column_text][\/vc_column][\/vc_row][vc_row full_width=&#8220;stretch_row_content&#8220; equal_height=&#8220;yes&#8220; css=&#8220;.vc_custom_1530270547786{padding-top: 80px !important;}&#8220;][vc_column][vc_column_text el_class=&#8220;h1&#8243;]<\/p>\n<h2 style=\"text-align: center;\">Andere Ereignisse die Sie interessieren k\u00f6nnten<\/h2>\n<p>[\/vc_column_text][vc_basic_grid post_type=&#8220;post&#8220; max_items=&#8220;3&#8243; orderby=&#8220;rand&#8220; item=&#8220;60&#8243; grid_id=&#8220;vc_gid:1770110620916-231da763-ed06-0&#8243; taxonomies=&#8220;17&#8243; exclude=&#8220;7091&#8243;][\/vc_column][\/vc_row][vc_row][vc_column][vc_column_text]<\/p>\n<p>[\/vc_column_text][\/vc_column][\/vc_row]<\/p>\n<\/div>","protected":false},"excerpt":{"rendered":"<p>[vc_row][vc_column width=&#8220;2\/3&#8243;][vc_column_text css=&#8220;&#8220;]In diesem Sommer erwarten Dich in Formentera feine Sandstr\u00e5nde mit dem so charakteristischen [&hellip;]<\/p>\n","protected":false},"author":3,"featured_media":7105,"comment_status":"closed","ping_status":"closed","sticky":false,"template":"","format":"standard","meta":{"_acf_changed":false,"footnotes":""},"categories":[1820],"tags":[],"class_list":["post-7857","post","type-post","status-publish","format-standard","hentry","category-ereignisse"],"acf":[],"yoast_head":"<!-- This site is optimized with the Yoast SEO plugin v25.5 - https:\/\/yoast.com\/wordpress\/plugins\/seo\/ -->\n<title>Sommer | Turismo de Formentera<\/title>\n<meta name=\"robots\" content=\"index, follow, max-snippet:-1, max-image-preview:large, max-video-preview:-1\" \/>\n<link rel=\"canonical\" href=\"https:\/\/www.formentera.es\/de\/sommer\/\" \/>\n<meta property=\"og:locale\" content=\"de_DE\" \/>\n<meta property=\"og:type\" content=\"article\" \/>\n<meta property=\"og:title\" content=\"Sommer | Turismo de Formentera\" \/>\n<meta property=\"og:description\" content=\"[vc_row][vc_column width=&#8220;2\/3&#8243;][vc_column_text css=&#8220;&#8220;]In diesem Sommer erwarten Dich in Formentera feine Sandstr\u00e5nde mit dem so charakteristischen [&hellip;]\" \/>\n<meta property=\"og:url\" content=\"https:\/\/www.formentera.es\/de\/sommer\/\" \/>\n<meta property=\"og:site_name\" content=\"Turismo de Formentera\" \/>\n<meta property=\"article:publisher\" content=\"https:\/\/www.facebook.com\/turismoformentera\/\" \/>\n<meta property=\"article:published_time\" content=\"2019-01-01T09:00:22+00:00\" \/>\n<meta property=\"article:modified_time\" content=\"2026-02-03T09:25:04+00:00\" \/>\n<meta property=\"og:image\" content=\"https:\/\/www.formentera.es\/wp-content\/uploads\/2019\/05\/150-santjaume2016_net.jpg\" \/>\n\t<meta property=\"og:image:width\" content=\"1900\" \/>\n\t<meta property=\"og:image:height\" content=\"1267\" \/>\n\t<meta property=\"og:image:type\" content=\"image\/jpeg\" \/>\n<meta name=\"author\" content=\"Patricia\" \/>\n<meta name=\"twitter:card\" content=\"summary_large_image\" \/>\n<meta name=\"twitter:creator\" content=\"@visitformentera\" \/>\n<meta name=\"twitter:site\" content=\"@visitformentera\" \/>\n<meta name=\"twitter:label1\" content=\"Verfasst von\" \/>\n\t<meta name=\"twitter:data1\" content=\"Patricia\" \/>\n\t<meta name=\"twitter:label2\" content=\"Gesch\u00e4tzte Lesezeit\" \/>\n\t<meta name=\"twitter:data2\" content=\"3\u00a0Minuten\" \/>\n<script type=\"application\/ld+json\" class=\"yoast-schema-graph\">{\"@context\":\"https:\/\/schema.org\",\"@graph\":[{\"@type\":\"WebPage\",\"@id\":\"https:\/\/www.formentera.es\/de\/sommer\/\",\"url\":\"https:\/\/www.formentera.es\/de\/sommer\/\",\"name\":\"Sommer | Turismo de Formentera\",\"isPartOf\":{\"@id\":\"https:\/\/www.formentera.es\/#website\"},\"primaryImageOfPage\":{\"@id\":\"https:\/\/www.formentera.es\/de\/sommer\/#primaryimage\"},\"image\":{\"@id\":\"https:\/\/www.formentera.es\/de\/sommer\/#primaryimage\"},\"thumbnailUrl\":\"https:\/\/www.formentera.es\/wp-content\/uploads\/2019\/05\/150-santjaume2016_net.jpg\",\"datePublished\":\"2019-01-01T09:00:22+00:00\",\"dateModified\":\"2026-02-03T09:25:04+00:00\",\"author\":{\"@id\":\"https:\/\/www.formentera.es\/#\/schema\/person\/b5a0b91e8ab8bc1155212d940bac3cf6\"},\"breadcrumb\":{\"@id\":\"https:\/\/www.formentera.es\/de\/sommer\/#breadcrumb\"},\"inLanguage\":\"de\",\"potentialAction\":[{\"@type\":\"ReadAction\",\"target\":[\"https:\/\/www.formentera.es\/de\/sommer\/\"]}]},{\"@type\":\"ImageObject\",\"inLanguage\":\"de\",\"@id\":\"https:\/\/www.formentera.es\/de\/sommer\/#primaryimage\",\"url\":\"https:\/\/www.formentera.es\/wp-content\/uploads\/2019\/05\/150-santjaume2016_net.jpg\",\"contentUrl\":\"https:\/\/www.formentera.es\/wp-content\/uploads\/2019\/05\/150-santjaume2016_net.jpg\",\"width\":1900,\"height\":1267},{\"@type\":\"BreadcrumbList\",\"@id\":\"https:\/\/www.formentera.es\/de\/sommer\/#breadcrumb\",\"itemListElement\":[{\"@type\":\"ListItem\",\"position\":1,\"name\":\"Portada\",\"item\":\"https:\/\/www.formentera.es\/de\/\"},{\"@type\":\"ListItem\",\"position\":2,\"name\":\"Sommer\"}]},{\"@type\":\"WebSite\",\"@id\":\"https:\/\/www.formentera.es\/#website\",\"url\":\"https:\/\/www.formentera.es\/\",\"name\":\"Turismo de Formentera\",\"description\":\"Web oficial de Turismo de Formentera\",\"potentialAction\":[{\"@type\":\"SearchAction\",\"target\":{\"@type\":\"EntryPoint\",\"urlTemplate\":\"https:\/\/www.formentera.es\/?s={search_term_string}\"},\"query-input\":{\"@type\":\"PropertyValueSpecification\",\"valueRequired\":true,\"valueName\":\"search_term_string\"}}],\"inLanguage\":\"de\"},{\"@type\":\"Person\",\"@id\":\"https:\/\/www.formentera.es\/#\/schema\/person\/b5a0b91e8ab8bc1155212d940bac3cf6\",\"name\":\"Patricia\",\"image\":{\"@type\":\"ImageObject\",\"inLanguage\":\"de\",\"@id\":\"https:\/\/www.formentera.es\/#\/schema\/person\/image\/\",\"url\":\"https:\/\/secure.gravatar.com\/avatar\/f54430d487ae75849f5631f71bf6c1b6af5b6429e75821768b038da44e1b0627?s=96&d=mm&r=g\",\"contentUrl\":\"https:\/\/secure.gravatar.com\/avatar\/f54430d487ae75849f5631f71bf6c1b6af5b6429e75821768b038da44e1b0627?s=96&d=mm&r=g\",\"caption\":\"Patricia\"}}]}<\/script>\n<!-- \/ Yoast SEO plugin. -->","yoast_head_json":{"title":"Sommer | Turismo de Formentera","robots":{"index":"index","follow":"follow","max-snippet":"max-snippet:-1","max-image-preview":"max-image-preview:large","max-video-preview":"max-video-preview:-1"},"canonical":"https:\/\/www.formentera.es\/de\/sommer\/","og_locale":"de_DE","og_type":"article","og_title":"Sommer | Turismo de Formentera","og_description":"[vc_row][vc_column width=&#8220;2\/3&#8243;][vc_column_text css=&#8220;&#8220;]In diesem Sommer erwarten Dich in Formentera feine Sandstr\u00e5nde mit dem so charakteristischen [&hellip;]","og_url":"https:\/\/www.formentera.es\/de\/sommer\/","og_site_name":"Turismo de Formentera","article_publisher":"https:\/\/www.facebook.com\/turismoformentera\/","article_published_time":"2019-01-01T09:00:22+00:00","article_modified_time":"2026-02-03T09:25:04+00:00","og_image":[{"width":1900,"height":1267,"url":"https:\/\/www.formentera.es\/wp-content\/uploads\/2019\/05\/150-santjaume2016_net.jpg","type":"image\/jpeg"}],"author":"Patricia","twitter_card":"summary_large_image","twitter_creator":"@visitformentera","twitter_site":"@visitformentera","twitter_misc":{"Verfasst von":"Patricia","Gesch\u00e4tzte Lesezeit":"3\u00a0Minuten"},"schema":{"@context":"https:\/\/schema.org","@graph":[{"@type":"WebPage","@id":"https:\/\/www.formentera.es\/de\/sommer\/","url":"https:\/\/www.formentera.es\/de\/sommer\/","name":"Sommer | Turismo de Formentera","isPartOf":{"@id":"https:\/\/www.formentera.es\/#website"},"primaryImageOfPage":{"@id":"https:\/\/www.formentera.es\/de\/sommer\/#primaryimage"},"image":{"@id":"https:\/\/www.formentera.es\/de\/sommer\/#primaryimage"},"thumbnailUrl":"https:\/\/www.formentera.es\/wp-content\/uploads\/2019\/05\/150-santjaume2016_net.jpg","datePublished":"2019-01-01T09:00:22+00:00","dateModified":"2026-02-03T09:25:04+00:00","author":{"@id":"https:\/\/www.formentera.es\/#\/schema\/person\/b5a0b91e8ab8bc1155212d940bac3cf6"},"breadcrumb":{"@id":"https:\/\/www.formentera.es\/de\/sommer\/#breadcrumb"},"inLanguage":"de","potentialAction":[{"@type":"ReadAction","target":["https:\/\/www.formentera.es\/de\/sommer\/"]}]},{"@type":"ImageObject","inLanguage":"de","@id":"https:\/\/www.formentera.es\/de\/sommer\/#primaryimage","url":"https:\/\/www.formentera.es\/wp-content\/uploads\/2019\/05\/150-santjaume2016_net.jpg","contentUrl":"https:\/\/www.formentera.es\/wp-content\/uploads\/2019\/05\/150-santjaume2016_net.jpg","width":1900,"height":1267},{"@type":"BreadcrumbList","@id":"https:\/\/www.formentera.es\/de\/sommer\/#breadcrumb","itemListElement":[{"@type":"ListItem","position":1,"name":"Portada","item":"https:\/\/www.formentera.es\/de\/"},{"@type":"ListItem","position":2,"name":"Sommer"}]},{"@type":"WebSite","@id":"https:\/\/www.formentera.es\/#website","url":"https:\/\/www.formentera.es\/","name":"Turismo de Formentera","description":"Web oficial de Turismo de Formentera","potentialAction":[{"@type":"SearchAction","target":{"@type":"EntryPoint","urlTemplate":"https:\/\/www.formentera.es\/?s={search_term_string}"},"query-input":{"@type":"PropertyValueSpecification","valueRequired":true,"valueName":"search_term_string"}}],"inLanguage":"de"},{"@type":"Person","@id":"https:\/\/www.formentera.es\/#\/schema\/person\/b5a0b91e8ab8bc1155212d940bac3cf6","name":"Patricia","image":{"@type":"ImageObject","inLanguage":"de","@id":"https:\/\/www.formentera.es\/#\/schema\/person\/image\/","url":"https:\/\/secure.gravatar.com\/avatar\/f54430d487ae75849f5631f71bf6c1b6af5b6429e75821768b038da44e1b0627?s=96&d=mm&r=g","contentUrl":"https:\/\/secure.gravatar.com\/avatar\/f54430d487ae75849f5631f71bf6c1b6af5b6429e75821768b038da44e1b0627?s=96&d=mm&r=g","caption":"Patricia"}}]}},"_links":{"self":[{"href":"https:\/\/www.formentera.es\/de\/wp-json\/wp\/v2\/posts\/7857","targetHints":{"allow":["GET"]}}],"collection":[{"href":"https:\/\/www.formentera.es\/de\/wp-json\/wp\/v2\/posts"}],"about":[{"href":"https:\/\/www.formentera.es\/de\/wp-json\/wp\/v2\/types\/post"}],"author":[{"embeddable":true,"href":"https:\/\/www.formentera.es\/de\/wp-json\/wp\/v2\/users\/3"}],"replies":[{"embeddable":true,"href":"https:\/\/www.formentera.es\/de\/wp-json\/wp\/v2\/comments?post=7857"}],"version-history":[{"count":1,"href":"https:\/\/www.formentera.es\/de\/wp-json\/wp\/v2\/posts\/7857\/revisions"}],"predecessor-version":[{"id":56139,"href":"https:\/\/www.formentera.es\/de\/wp-json\/wp\/v2\/posts\/7857\/revisions\/56139"}],"wp:featuredmedia":[{"embeddable":true,"href":"https:\/\/www.formentera.es\/de\/wp-json\/wp\/v2\/media\/7105"}],"wp:attachment":[{"href":"https:\/\/www.formentera.es\/de\/wp-json\/wp\/v2\/media?parent=7857"}],"wp:term":[{"taxonomy":"category","embeddable":true,"href":"https:\/\/www.formentera.es\/de\/wp-json\/wp\/v2\/categories?post=7857"},{"taxonomy":"post_tag","embeddable":true,"href":"https:\/\/www.formentera.es\/de\/wp-json\/wp\/v2\/tags?post=7857"}],"curies":[{"name":"wp","href":"https:\/\/api.w.org\/{rel}","templated":true}]}}