{"id":7254,"date":"2019-01-01T02:00:54","date_gmt":"2019-01-01T01:00:54","guid":{"rendered":"https:\/\/www.formentera.es\/fines-de-semana-gastronomicos-mayo\/"},"modified":"2025-04-30T14:40:11","modified_gmt":"2025-04-30T12:40:11","slug":"gastronomische-wochen-im-mai","status":"publish","type":"post","link":"https:\/\/www.formentera.es\/de\/gastronomische-wochen-im-mai\/","title":{"rendered":"Gastronomische Wochen im Mai"},"content":{"rendered":"<div class=\"wpb-content-wrapper\"><p>[vc_row css=&#8220;.vc_custom_1553860579413{margin-right: 0px !important;margin-left: 0px !important;}&#8220;][vc_column width=&#8220;2\/3&#8243;][vc_single_image image=&#8220;39721&#8243; img_size=&#8220;full&#8220;][vc_column_text]<\/p>\n<h2><strong>Gastronomische Wochen<\/strong><\/h2>\n<h3><em>Vom 12. bis 25. Mai<\/em><\/h3>\n<p>Entdecken Sie die beste lokale Gastronomie auf unserer Insel! Zwei Wochen lang bieten die teilnehmenden Restaurants spezielle Men\u00fcs mit lokalen Produkten an, die ausschlie\u00dflich f\u00fcr diesen Anlass entwickelt wurden. Genie\u00dfen Sie innovative Neuinterpretationen der traditionellen K\u00fcche zu sehr erschwinglichen Preisen.<\/p>\n<p>Ihre Meinung z\u00e4hlt! Sie k\u00f6nnen Ihre Stimme f\u00fcr Ihre Lieblingsmen\u00fcs abgeben und so zur Wahl des Gewinners beitragen. Das Restaurant mit den meisten Stimmen erh\u00e4lt einen Geldpreis in H\u00f6he von 1.500 \u20ac (abz\u00fcglich Steuern), der Zweitplatzierte erh\u00e4lt 1.000 \u20ac (abz\u00fcglich Steuern).<\/p>\n<p>Wenn Sie f\u00fcr mindestens zwei Restaurants stimmen, nehmen Sie au\u00dferdem an der Verlosung eines Geldpreises in H\u00f6he von 500 \u20ac (abz\u00fcglich Steuern) teil. Lassen Sie sich diese Gelegenheit nicht entgehen, die lokale Gastronomie zu probieren und zu unterst\u00fctzen!<\/p>\n<p><a href=\"https:\/\/www.formentera.es\/wp-content\/uploads\/2025\/04\/bases_setmanes_gastro.pdf\" target=\"_blank\" rel=\"noopener noreferrer\"><strong>-&gt; Siehe die rechtlichen Bedingungen des Wettbewerbs und der Verlosung<\/strong><\/a>.<\/p>\n<p>Es wird empfohlen, bei den Restaurants selbst zu reservieren und die Verf\u00fcgbarkeit zu best\u00e4tigen.<\/p>\n<p><strong>Teilnehmende Restaurants:<\/strong>[\/vc_column_text][\/vc_column][vc_column width=&#8220;1\/3&#8243;][vc_column_text]<div id=\"sidebar_ficha\"><div class=\"spost\"><div class=\"tag\">Mai<\/div><\/div><div class=\"bloc_share\"><div class=\"tit_medium\">Teilen\r\n\u00fcbersetzungen<\/div><div class=\"redes_ficha\"><div class=\"fa fa fa-brands fa-x-twitter st-custom-button\" data-network=\"twitter\"><\/div><div class=\"fa fa-facebook st-custom-button\" data-network=\"facebook\"><\/div><div class=\"fa fa-pinterest-p st-custom-button\" data-network=\"pinterest\"><\/div><\/div><div class=\"tit_medium\">An einen Freund senden<\/div><div class=\"redes_ficha\"><div class=\"fa fa-envelope st-custom-button\" data-network=\"email\"><\/div><div class=\"fa fa-whatsapp st-custom-button\" data-network=\"whatsapp\"><\/div><\/div><\/div><\/div>[\/vc_column_text][\/vc_column][\/vc_row][vc_row equal_height=&#8220;yes&#8220; el_class=&#8220;filarestgastro&#8220;][vc_column width=&#8220;1\/4&#8243;][vc_single_image image=&#8220;22334&#8243; img_size=&#8220;full&#8220;][vc_column_text]<strong>190 PASOS<\/strong><br \/>\n646 402 139. Cam\u00ed de la Ratjada, 58, Playa de Migjorn.<\/p>\n<p><a href=\"https:\/\/www.formentera.es\/wp-content\/uploads\/2025\/04\/190PASOS_DE.pdf\" target=\"_blank\" rel=\"noopener noreferrer\">Siehe Men\u00fc<\/a>[\/vc_column_text][\/vc_column][vc_column width=&#8220;1\/4&#8243;][vc_single_image image=&#8220;39725&#8243; img_size=&#8220;full&#8220;][vc_column_text]<strong>AL QU\u00c8RTO<\/strong><br \/>\n613 92 12 71. Carrer de Ramon Muntaner, Sant Francesc.<\/p>\n<p><a href=\"https:\/\/www.formentera.es\/wp-content\/uploads\/2025\/04\/ALQUERTO_DE.pdf\" target=\"_blank\" rel=\"noopener noreferrer\">Siehe Men\u00fc<\/a>[\/vc_column_text][\/vc_column][vc_column width=&#8220;1\/4&#8243;][vc_single_image image=&#8220;39733&#8243; img_size=&#8220;full&#8220;][vc_column_text]<strong>CACIO E PEPE<\/strong><br \/>\n971 32 34 74. Carrer de sa Senieta, 2, Sant Francesc.<\/p>\n<p><a href=\"https:\/\/www.formentera.es\/wp-content\/uploads\/2025\/04\/CACIOEPEPE_DE-2.pdf\" target=\"_blank\" rel=\"noopener noreferrer\">Siehe Men\u00fc<\/a>[\/vc_column_text][\/vc_column][vc_column width=&#8220;1\/4&#8243;][vc_single_image image=&#8220;22367&#8243; img_size=&#8220;full&#8220;][vc_column_text]<strong>CAF\u00c9 DEL LAGO<\/strong><br \/>\n971 32 31 87. Avenida Mediterr\u00e1nea, 20, La Savina.<\/p>\n<p><a href=\"https:\/\/www.formentera.es\/wp-content\/uploads\/2025\/04\/CAFEDELAGO_DE.pdf\" target=\"_blank\" rel=\"noopener noreferrer\">Siehe Men\u00fc<\/a>[\/vc_column_text][\/vc_column][\/vc_row][vc_row equal_height=&#8220;yes&#8220; el_class=&#8220;filarestgastro&#8220;][vc_column width=&#8220;1\/4&#8243;][vc_single_image image=&#8220;22430&#8243; img_size=&#8220;full&#8220;][vc_column_text]<strong>CAN FORN<\/strong><br \/>\n971 32 81 55. Calle Major, 39, Sant Sant Ferran de ses Roques.<\/p>\n<p><a href=\"https:\/\/www.formentera.es\/wp-content\/uploads\/2025\/04\/CANFORN_DE.pdf\" target=\"_blank\" rel=\"noopener noreferrer\">Siehe Men\u00fc<\/a>[\/vc_column_text][\/vc_column][vc_column width=&#8220;1\/4&#8243;][vc_single_image image=&#8220;39741&#8243; img_size=&#8220;full&#8220;][vc_column_text]<strong>CAN PASQUAL<\/strong><br \/>\n971 327 014. Carrer des Vicari Joan Mar\u00ed, 2, Es Cal\u00f3 de Sant Agust\u00ed.<\/p>\n<p><a href=\"https:\/\/www.formentera.es\/wp-content\/uploads\/2025\/04\/CANPASQUAL_DE.pdf\" target=\"_blank\" rel=\"noopener noreferrer\">Siehe Men\u00fc<\/a>[\/vc_column_text][\/vc_column][vc_column width=&#8220;1\/4&#8243;][vc_single_image image=&#8220;22388&#8243; img_size=&#8220;full&#8220;][vc_column_text]<strong>CASA PAYA ELECTRODOM\u00c9STICOS<\/strong><br \/>\n971 32 30 93. Calle de Jaume I, Sant Francesc.<\/p>\n<p><a href=\"https:\/\/www.formentera.es\/wp-content\/uploads\/2025\/04\/CASAPAYA_DE.pdf\" target=\"_blank\" rel=\"noopener noreferrer\">Siehe Men\u00fc<\/a>[\/vc_column_text][\/vc_column][vc_column width=&#8220;1\/4&#8243;][vc_single_image image=&#8220;40600&#8243; img_size=&#8220;full&#8220;][vc_column_text]<strong>ES MAR\u00c8S<\/strong><br \/>\n971 32 32 16. Calle Santa Mar\u00eda, 15, Sant Francesc.<\/p>\n<p><a href=\"https:\/\/www.formentera.es\/wp-content\/uploads\/2025\/04\/ESMARES_DE.pdf\" target=\"_blank\" rel=\"noopener noreferrer\">Siehe Men\u00fc<\/a>[\/vc_column_text][\/vc_column][\/vc_row][vc_row equal_height=&#8220;yes&#8220; el_class=&#8220;filarestgastro&#8220;][vc_column width=&#8220;1\/4&#8243;][vc_single_image image=&#8220;39749&#8243; img_size=&#8220;full&#8220;][vc_column_text]<strong>GECKO<\/strong><br \/>\n971 32 80 24. Playa de Migjorn, Ca Mar\u00ed.<\/p>\n<p><a href=\"https:\/\/www.formentera.es\/wp-content\/uploads\/2025\/04\/GECKO_DE.pdf\" target=\"_blank\" rel=\"noopener noreferrer\">Siehe Men\u00fc<\/a>[\/vc_column_text][\/vc_column][vc_column width=&#8220;1\/4&#8243;][vc_single_image image=&#8220;39757&#8243; img_size=&#8220;full&#8220;][vc_column_text]<strong>JUVIA<\/strong><br \/>\nCarrer de la Mar, Es Pujols.<\/p>\n<p><a href=\"https:\/\/www.formentera.es\/wp-content\/uploads\/2025\/04\/JUVIA_DE.pdf\" target=\"_blank\" rel=\"noopener noreferrer\">Siehe Men\u00fc<\/a>[\/vc_column_text][\/vc_column][vc_column width=&#8220;1\/4&#8243;][vc_single_image image=&#8220;39773&#8243; img_size=&#8220;full&#8220;][vc_column_text]<strong>MAR GROSSA<\/strong><br \/>\n624 27 11 32. Av. Vuit d&#8217;Agost, 15, 07860 Sant Francesc<\/p>\n<p><a href=\"https:\/\/www.formentera.es\/wp-content\/uploads\/2025\/04\/MARGROSSA_DE.pdf\" target=\"_blank\" rel=\"noopener noreferrer\">Siehe Men\u00fc<\/a>[\/vc_column_text][\/vc_column][vc_column width=&#8220;1\/4&#8243;][vc_single_image image=&#8220;39765&#8243; img_size=&#8220;full&#8220;][vc_column_text]<strong>SA BARRACA<\/strong><br \/>\n603 114 778. Avenida Miramar, 62, es Pujols.<\/p>\n<p><a href=\"https:\/\/www.formentera.es\/wp-content\/uploads\/2025\/04\/SABARRACA_DE.pdf\" target=\"_blank\" rel=\"noopener noreferrer\">Siehe Men\u00fc<\/a>[\/vc_column_text][\/vc_column][\/vc_row][vc_row equal_height=&#8220;yes&#8220; el_class=&#8220;filarestgastro&#8220;][vc_column width=&#8220;1\/4&#8243;][vc_single_image image=&#8220;39781&#8243; img_size=&#8220;full&#8220;][vc_column_text]<strong>SALITRE<\/strong><br \/>\n971 32 12 61. Venda de Portossaler, n\u00ba 1307, Estany<\/p>\n<p><a href=\"https:\/\/www.formentera.es\/wp-content\/uploads\/2025\/04\/SALITRE_DE.pdf\" target=\"_blank\" rel=\"noopener noreferrer\">Siehe Men\u00fc<\/a>[\/vc_column_text][\/vc_column][vc_column width=&#8220;1\/4&#8243;][vc_single_image image=&#8220;23285&#8243; img_size=&#8220;full&#8220;][vc_column_text]<strong>SES EUFABIETES<\/strong><br \/>\n971 32 25 95. Playa de Migjorn (zona es Mal Pas), 07860 Sant Francesc.<\/p>\n<p><a href=\"https:\/\/www.formentera.es\/wp-content\/uploads\/2025\/04\/SESEUFABIETES_DE.pdf\" target=\"_blank\" rel=\"noopener noreferrer\">Siehe Men\u00fc<\/a>[\/vc_column_text][\/vc_column][vc_column width=&#8220;1\/4&#8243;][vc_single_image image=&#8220;39789&#8243; img_size=&#8220;full&#8220;][vc_column_text]<strong>VANNI<\/strong><br \/>\n677 79 00 36. Carrer des Pla del Rei, 55, Sant Francesc.<\/p>\n<p><a href=\"https:\/\/www.formentera.es\/wp-content\/uploads\/2025\/04\/VANNI_DE.pdf\" target=\"_blank\" rel=\"noopener noreferrer\">Siehe Men\u00fc<\/a>[\/vc_column_text][\/vc_column][\/vc_row][vc_row full_width=&#8220;stretch_row_content_no_spaces&#8220; css=&#8220;.vc_custom_1715090252088{margin-top: 40px !important;}&#8220;][vc_column][vc_column_text]<style>#jtg-2805 .modula-item .jtg-social a, .lightbox-socials.jtg-social a{ fill: #ffffff; color: #ffffff }#jtg-2805 .modula-item .jtg-social-mobile a{ fill: #ffffff; color: #ffffff }#jtg-2805 .modula-item .jtg-social svg, .lightbox-socials.jtg-social svg { height: 16px; width: 16px }#jtg-2805 .modula-item .jtg-social-mobile svg { height: 16px; width: 16px }#jtg-2805 .modula-item .jtg-social a:not(:last-child), .lightbox-socials.jtg-social a:not(:last-child) { margin-right: 10px }#jtg-2805 .modula-item .jtg-social-mobile .jtg-social-mobile-icons a:not(:last-child){ margin-right: 10px }#jtg-2805 .modula-item .figc {color:#ffffff;}#jtg-2805 .modula-item .modula-item-content { transform: scale(1) }#jtg-2805 .modula-items .figc p.description { font-size:14px; }#jtg-2805 .modula-items .figc p.description { color:#ffffff;}#jtg-2805.modula-gallery .modula-item > a, #jtg-2805.modula-gallery .modula-item, #jtg-2805.modula-gallery .modula-item-content > a:not(.modula-no-follow) { cursor:zoom-in; } #jtg-2805.modula-gallery .modula-item-content .modula-no-follow { cursor: default; } #jtg-2805 .modula-item { background-color:#000000; }#jtg-2805 .modula-item:hover img { opacity: 0.5; }#jtg-2805 .modula-item { transform: scale(1) translate(0px,0px) rotate(0deg); }@media screen and (max-width:480px){#jtg-2805 .modula-item .figc .jtg-title {  font-size: 12px; }#jtg-2805 .modula-items .figc p.description { color:#ffffff;font-size:10px; }}<\/style>\n<div  id=\"jtg-2805\" class=\"modula modula-gallery modula-custom-grid\" data-config=\"{&quot;height&quot;:800,&quot;tabletHeight&quot;:800,&quot;mobileHeight&quot;:800,&quot;desktopHeight&quot;:800,&quot;enableTwitter&quot;:false,&quot;enableWhatsapp&quot;:false,&quot;enableFacebook&quot;:false,&quot;enablePinterest&quot;:false,&quot;enableLinkedin&quot;:false,&quot;enableEmail&quot;:false,&quot;randomFactor&quot;:0.5,&quot;type&quot;:&quot;custom-grid&quot;,&quot;columns&quot;:12,&quot;gutter&quot;:10,&quot;mobileGutter&quot;:10,&quot;tabletGutter&quot;:10,&quot;desktopGutter&quot;:10,&quot;enableResponsive&quot;:true,&quot;tabletColumns&quot;:2,&quot;mobileColumns&quot;:1,&quot;lazyLoad&quot;:&quot;0&quot;,&quot;lightboxOpts&quot;:{&quot;animated&quot;:true,&quot;Thumbs&quot;:{&quot;type&quot;:&quot;modern&quot;,&quot;showOnStart&quot;:false},&quot;Toolbar&quot;:{&quot;display&quot;:{&quot;right&quot;:[&quot;close&quot;]},&quot;enabled&quot;:true},&quot;Carousel&quot;:{&quot;Panzoom&quot;:{&quot;touch&quot;:false},&quot;infinite&quot;:false},&quot;keyboard&quot;:{&quot;Escape&quot;:&quot;close&quot;,&quot;Delete&quot;:&quot;close&quot;,&quot;Backspace&quot;:&quot;close&quot;,&quot;PageUp&quot;:false,&quot;PageDown&quot;:false,&quot;ArrowUp&quot;:false,&quot;ArrowDown&quot;:false,&quot;ArrowRight&quot;:false,&quot;ArrowLeft&quot;:false},&quot;touch&quot;:false,&quot;backdropClick&quot;:false,&quot;l10n&quot;:{&quot;CLOSE&quot;:&quot;Close&quot;,&quot;NEXT&quot;:&quot;Next&quot;,&quot;PREV&quot;:&quot;Previous&quot;,&quot;Error&quot;:&quot;The requested content cannot be loaded. Please try again later.&quot;,&quot;PLAY_START&quot;:&quot;Start slideshow&quot;,&quot;PLAY_STOP&quot;:&quot;Pause slideshow&quot;,&quot;FULL_SCREEN&quot;:&quot;Full screen&quot;,&quot;THUMBS&quot;:&quot;Thumbnails&quot;,&quot;DOWNLOAD&quot;:&quot;Download&quot;,&quot;SHARE&quot;:&quot;Share&quot;,&quot;ZOOM&quot;:&quot;Zoom&quot;,&quot;EMAIL&quot;:&quot;Here is the link to the image : %%image_link%% and this is the link to the gallery : %%gallery_link%%&quot;,&quot;MODAL&quot;:&quot;You can close this modal content with the ESC key&quot;,&quot;ERROR&quot;:&quot;Something Went Wrong, Please Try Again Later&quot;,&quot;IMAGE_ERROR&quot;:&quot;Image Not Found&quot;,&quot;ELEMENT_NOT_FOUND&quot;:&quot;HTML Element Not Found&quot;,&quot;AJAX_NOT_FOUND&quot;:&quot;Error Loading AJAX : Not Found&quot;,&quot;AJAX_FORBIDDEN&quot;:&quot;Error Loading AJAX : Forbidden&quot;,&quot;IFRAME_ERROR&quot;:&quot;Error Loading Page&quot;,&quot;TOGGLE_ZOOM&quot;:&quot;Toggle zoom level&quot;,&quot;TOGGLE_THUMBS&quot;:&quot;Toggle thumbnails&quot;,&quot;TOGGLE_SLIDESHOW&quot;:&quot;Toggle slideshow&quot;,&quot;TOGGLE_FULLSCREEN&quot;:&quot;Toggle full-screen mode&quot;},&quot;Images&quot;:{&quot;Panzoom&quot;:{&quot;maxScale&quot;:2}},&quot;mainClass&quot;:&quot;modula-fancybox-container modula-lightbox-jtg-2805&quot;,&quot;Html&quot;:{&quot;videoAutoplay&quot;:0,&quot;videoTpl&quot;:&quot;&lt;video class=\\&quot;fancybox__html5video\\&quot; controls muted playsinline controlsList controlsList=\\&quot;nodownload\\&quot; poster=\\&quot;{{poster}}\\&quot; src=\\&quot;{{src}}\\&quot; type=\\&quot;{{format}}\\&quot; &gt;  Sorry, your browser doesn&#039;t support embedded videos, &lt;a href=\\&quot;{{src}}\\&quot;&gt; download &lt;\\\/a&gt; and watch with your favorite video player! &lt;\\\/video&gt;&quot;}},&quot;inView&quot;:false,&quot;email_subject&quot;:&quot;\\u00a1\\u00a1Mira esta impresionante imagen!!&quot;,&quot;email_message&quot;:&quot;Este es el enlace a la imagen: %%image_link%% y este es el enlace a la galer\\u00eda: %%gallery_link%%&quot;,&quot;lightbox&quot;:&quot;fancybox&quot;,&quot;filterClick&quot;:&quot;0&quot;,&quot;defaultActiveFilter&quot;:&quot;all&quot;}\">\n\n\t\n\t<div  class=\"modula-items\">\n\t\t<div class=\"modula-item effect-quiet jtg-filter-all jtg-filter-\" data-width=\"12\" data-height=\"7\" >\n\t<div class=\"modula-item-overlay\"><\/div>\n\n\t<div class=\"modula-item-content\">\n\n\t\t\t\t\n\t\t\t\t\t<a data-image-id=\"2842\" tabindex=\"0\" href=\"https:\/\/www.formentera.es\/wp-content\/uploads\/2019\/01\/gastronomia-alfredo-montero-citar-autor-18-3.jpg\" rel=\"jtg-2805\" data-caption=\"\" aria-label=\"Open image in lightbox\" role=\"button\" data-cyclefilter=\"show\" data-fancybox=\"jtg-2805\" class=\"tile-inner modula-item-link\"><\/a>\n\t\t\n\t\t<img loading=\"lazy\" decoding=\"async\" class=\"pic wp-image-2842\"  data-valign=\"middle\" data-halign=\"center\" alt=\"\" data-full=\"https:\/\/www.formentera.es\/wp-content\/uploads\/2019\/01\/gastronomia-alfredo-montero-citar-autor-18-3.jpg\" title=\"gastronomia alfredo montero citar autor (18)\" width=\"1900\" height=\"1270\" src=\"https:\/\/www.formentera.es\/wp-content\/uploads\/2019\/01\/gastronomia-alfredo-montero-citar-autor-18-3.jpg\" data-src=\"https:\/\/www.formentera.es\/wp-content\/uploads\/2019\/01\/gastronomia-alfredo-montero-citar-autor-18-3.jpg\" data-caption=\"\" srcset=\"https:\/\/www.formentera.es\/wp-content\/uploads\/2019\/01\/gastronomia-alfredo-montero-citar-autor-18-3.jpg 1900w, https:\/\/www.formentera.es\/wp-content\/uploads\/2019\/01\/gastronomia-alfredo-montero-citar-autor-18-3-300x201.jpg 300w, https:\/\/www.formentera.es\/wp-content\/uploads\/2019\/01\/gastronomia-alfredo-montero-citar-autor-18-3-768x513.jpg 768w, https:\/\/www.formentera.es\/wp-content\/uploads\/2019\/01\/gastronomia-alfredo-montero-citar-autor-18-3-1024x684.jpg 1024w\" sizes=\"auto, (max-width: 1900px) 100vw, 1900px\" \/>\n\t\t<div class=\"figc no-description\">\n\t\t\t<div class=\"figc-inner\">\n\t\t\t\t\t\t\t\t\t\t\t\t\t\t\t<\/div>\n\t\t<\/div>\n\n\t<\/div>\n\n<\/div><div class=\"modula-item effect-quiet jtg-filter-all jtg-filter-\" data-width=\"6\" data-height=\"4\" >\n\t<div class=\"modula-item-overlay\"><\/div>\n\n\t<div class=\"modula-item-content\">\n\n\t\t\t\t\n\t\t\t\t\t<a data-image-id=\"2816\" tabindex=\"0\" href=\"https:\/\/www.formentera.es\/wp-content\/uploads\/2019\/01\/gastronomia-can-pasqual-citar-autor-13-1.jpg\" rel=\"jtg-2805\" data-caption=\"\" aria-label=\"Open image in lightbox\" role=\"button\" data-cyclefilter=\"show\" data-fancybox=\"jtg-2805\" class=\"tile-inner modula-item-link\"><\/a>\n\t\t\n\t\t<img loading=\"lazy\" decoding=\"async\" class=\"pic wp-image-2816\"  data-valign=\"middle\" data-halign=\"center\" alt=\"\" data-full=\"https:\/\/www.formentera.es\/wp-content\/uploads\/2019\/01\/gastronomia-can-pasqual-citar-autor-13-1.jpg\" title=\"gastronomia can pasqual citar autor (13)\" width=\"1900\" height=\"1267\" src=\"https:\/\/www.formentera.es\/wp-content\/uploads\/2019\/01\/gastronomia-can-pasqual-citar-autor-13-1.jpg\" data-src=\"https:\/\/www.formentera.es\/wp-content\/uploads\/2019\/01\/gastronomia-can-pasqual-citar-autor-13-1.jpg\" data-caption=\"\" srcset=\"https:\/\/www.formentera.es\/wp-content\/uploads\/2019\/01\/gastronomia-can-pasqual-citar-autor-13-1.jpg 1900w, https:\/\/www.formentera.es\/wp-content\/uploads\/2019\/01\/gastronomia-can-pasqual-citar-autor-13-1-300x200.jpg 300w, https:\/\/www.formentera.es\/wp-content\/uploads\/2019\/01\/gastronomia-can-pasqual-citar-autor-13-1-768x512.jpg 768w, https:\/\/www.formentera.es\/wp-content\/uploads\/2019\/01\/gastronomia-can-pasqual-citar-autor-13-1-1024x683.jpg 1024w\" sizes=\"auto, (max-width: 1900px) 100vw, 1900px\" \/>\n\t\t<div class=\"figc no-description\">\n\t\t\t<div class=\"figc-inner\">\n\t\t\t\t\t\t\t\t\t\t\t\t\t\t\t<\/div>\n\t\t<\/div>\n\n\t<\/div>\n\n<\/div><div class=\"modula-item effect-quiet jtg-filter-all jtg-filter-\" data-width=\"6\" data-height=\"5\" >\n\t<div class=\"modula-item-overlay\"><\/div>\n\n\t<div class=\"modula-item-content\">\n\n\t\t\t\t\n\t\t\t\t\t<a data-image-id=\"2819\" tabindex=\"0\" href=\"https:\/\/www.formentera.es\/wp-content\/uploads\/2019\/01\/gastronomia-alfredo-montero-citar-autor-7-2.jpg\" rel=\"jtg-2805\" data-caption=\"\" aria-label=\"Open image in lightbox\" role=\"button\" data-cyclefilter=\"show\" data-fancybox=\"jtg-2805\" class=\"tile-inner modula-item-link\"><\/a>\n\t\t\n\t\t<img loading=\"lazy\" decoding=\"async\" class=\"pic wp-image-2819\"  data-valign=\"middle\" data-halign=\"center\" alt=\"\" data-full=\"https:\/\/www.formentera.es\/wp-content\/uploads\/2019\/01\/gastronomia-alfredo-montero-citar-autor-7-2.jpg\" title=\"gastronomia alfredo montero citar autor (7)\" width=\"1900\" height=\"1339\" src=\"https:\/\/www.formentera.es\/wp-content\/uploads\/2019\/01\/gastronomia-alfredo-montero-citar-autor-7-2.jpg\" data-src=\"https:\/\/www.formentera.es\/wp-content\/uploads\/2019\/01\/gastronomia-alfredo-montero-citar-autor-7-2.jpg\" data-caption=\"\" srcset=\"https:\/\/www.formentera.es\/wp-content\/uploads\/2019\/01\/gastronomia-alfredo-montero-citar-autor-7-2.jpg 1900w, https:\/\/www.formentera.es\/wp-content\/uploads\/2019\/01\/gastronomia-alfredo-montero-citar-autor-7-2-300x211.jpg 300w, https:\/\/www.formentera.es\/wp-content\/uploads\/2019\/01\/gastronomia-alfredo-montero-citar-autor-7-2-768x541.jpg 768w, https:\/\/www.formentera.es\/wp-content\/uploads\/2019\/01\/gastronomia-alfredo-montero-citar-autor-7-2-1024x722.jpg 1024w\" sizes=\"auto, (max-width: 1900px) 100vw, 1900px\" \/>\n\t\t<div class=\"figc no-description\">\n\t\t\t<div class=\"figc-inner\">\n\t\t\t\t\t\t\t\t\t\t\t\t\t\t\t<\/div>\n\t\t<\/div>\n\n\t<\/div>\n\n<\/div><div class=\"modula-item effect-quiet jtg-filter-all jtg-filter-\" data-width=\"6\" data-height=\"5\" >\n\t<div class=\"modula-item-overlay\"><\/div>\n\n\t<div class=\"modula-item-content\">\n\n\t\t\t\t\n\t\t\t\t\t<a data-image-id=\"2808\" tabindex=\"0\" href=\"https:\/\/www.formentera.es\/wp-content\/uploads\/2019\/01\/gastron-1.jpg\" rel=\"jtg-2805\" data-caption=\"\" aria-label=\"Open image in lightbox\" role=\"button\" data-cyclefilter=\"show\" data-fancybox=\"jtg-2805\" class=\"tile-inner modula-item-link\"><\/a>\n\t\t\n\t\t<img loading=\"lazy\" decoding=\"async\" class=\"pic wp-image-2808\"  data-valign=\"middle\" data-halign=\"center\" alt=\"\" data-full=\"https:\/\/www.formentera.es\/wp-content\/uploads\/2019\/01\/gastron-1.jpg\" title=\"gastron\" width=\"1900\" height=\"1069\" src=\"https:\/\/www.formentera.es\/wp-content\/uploads\/2019\/01\/gastron-1.jpg\" data-src=\"https:\/\/www.formentera.es\/wp-content\/uploads\/2019\/01\/gastron-1.jpg\" data-caption=\"\" srcset=\"https:\/\/www.formentera.es\/wp-content\/uploads\/2019\/01\/gastron-1.jpg 1900w, https:\/\/www.formentera.es\/wp-content\/uploads\/2019\/01\/gastron-1-300x169.jpg 300w, https:\/\/www.formentera.es\/wp-content\/uploads\/2019\/01\/gastron-1-768x432.jpg 768w, https:\/\/www.formentera.es\/wp-content\/uploads\/2019\/01\/gastron-1-1024x576.jpg 1024w\" sizes=\"auto, (max-width: 1900px) 100vw, 1900px\" \/>\n\t\t<div class=\"figc no-description\">\n\t\t\t<div class=\"figc-inner\">\n\t\t\t\t\t\t\t\t\t\t\t\t\t\t\t<\/div>\n\t\t<\/div>\n\n\t<\/div>\n\n<\/div><div class=\"modula-item effect-quiet jtg-filter-all jtg-filter-\" data-width=\"6\" data-height=\"4\" >\n\t<div class=\"modula-item-overlay\"><\/div>\n\n\t<div class=\"modula-item-content\">\n\n\t\t\t\t\n\t\t\t\t\t<a data-image-id=\"2806\" tabindex=\"0\" href=\"https:\/\/www.formentera.es\/wp-content\/uploads\/2019\/01\/Gastro-S-Abeurada-1-1.jpg\" rel=\"jtg-2805\" data-caption=\"\" aria-label=\"Open image in lightbox\" role=\"button\" data-cyclefilter=\"show\" data-fancybox=\"jtg-2805\" class=\"tile-inner modula-item-link\"><\/a>\n\t\t\n\t\t<img loading=\"lazy\" decoding=\"async\" class=\"pic wp-image-2806\"  data-valign=\"middle\" data-halign=\"center\" alt=\"\" data-full=\"https:\/\/www.formentera.es\/wp-content\/uploads\/2019\/01\/Gastro-S-Abeurada-1-1.jpg\" title=\"Gastro S Abeurada (1)\" width=\"1900\" height=\"1267\" src=\"https:\/\/www.formentera.es\/wp-content\/uploads\/2019\/01\/Gastro-S-Abeurada-1-1.jpg\" data-src=\"https:\/\/www.formentera.es\/wp-content\/uploads\/2019\/01\/Gastro-S-Abeurada-1-1.jpg\" data-caption=\"\" srcset=\"https:\/\/www.formentera.es\/wp-content\/uploads\/2019\/01\/Gastro-S-Abeurada-1-1.jpg 1900w, https:\/\/www.formentera.es\/wp-content\/uploads\/2019\/01\/Gastro-S-Abeurada-1-1-300x200.jpg 300w, https:\/\/www.formentera.es\/wp-content\/uploads\/2019\/01\/Gastro-S-Abeurada-1-1-768x512.jpg 768w, https:\/\/www.formentera.es\/wp-content\/uploads\/2019\/01\/Gastro-S-Abeurada-1-1-1024x683.jpg 1024w\" sizes=\"auto, (max-width: 1900px) 100vw, 1900px\" \/>\n\t\t<div class=\"figc no-description\">\n\t\t\t<div class=\"figc-inner\">\n\t\t\t\t\t\t\t\t\t\t\t\t\t\t\t<\/div>\n\t\t<\/div>\n\n\t<\/div>\n\n<\/div>\t\t\n\t<\/div>\n\n\t\n\t\n\t<script type=\"application\/ld+json\">\n\t{\n\t\t\"@context\": \"http:\/\/schema.org\",\n\t\t\"@type\"   : \"ImageGallery\",\n\t\t\"id\"      : \"https:\/\/www.formentera.es\/de\/gastronomische-wochen-im-mai\/\",\n\t\t\"url\"     : \"https:\/\/www.formentera.es\/de\/gastronomische-wochen-im-mai\/\"\n\t}\n\n\t<\/script>\n\n\t\n<\/div>\n[\/vc_column_text][\/vc_column][\/vc_row][vc_row full_width=&#8220;stretch_row_content&#8220; equal_height=&#8220;yes&#8220; css=&#8220;.vc_custom_1530270547786{padding-top: 80px !important;}&#8220;][vc_column][vc_column_text el_class=&#8220;h1&#8243;]<\/p>\n<h2 style=\"text-align: center;\">Andere Ereignisse die Sie interessieren k\u00f6nnten<\/h2>\n<p>[\/vc_column_text][vc_basic_grid post_type=&#8220;post&#8220; max_items=&#8220;3&#8243; orderby=&#8220;rand&#8220; item=&#8220;60&#8243; grid_id=&#8220;vc_gid:1746016382005-c4fe8353-8d7e-9&#8243; taxonomies=&#8220;17&#8243;][\/vc_column][\/vc_row]<\/p>\n<\/div>","protected":false},"excerpt":{"rendered":"<p>[vc_row css=&#8220;.vc_custom_1553860579413{margin-right: 0px !important;margin-left: 0px !important;}&#8220;][vc_column width=&#8220;2\/3&#8243;][vc_single_image image=&#8220;39721&#8243; img_size=&#8220;full&#8220;][vc_column_text] Gastronomische Wochen Vom 12. bis 25. [&hellip;]<\/p>\n","protected":false},"author":1,"featured_media":40760,"comment_status":"closed","ping_status":"closed","sticky":false,"template":"","format":"standard","meta":{"_acf_changed":false,"footnotes":""},"categories":[1820],"tags":[],"class_list":["post-7254","post","type-post","status-publish","format-standard","hentry","category-ereignisse"],"acf":[],"yoast_head":"<!-- This site is optimized with the Yoast SEO plugin v25.5 - https:\/\/yoast.com\/wordpress\/plugins\/seo\/ -->\n<title>Gastronomische Wochen im Mai | Turismo de Formentera<\/title>\n<meta name=\"robots\" content=\"index, follow, max-snippet:-1, max-image-preview:large, max-video-preview:-1\" \/>\n<link rel=\"canonical\" href=\"https:\/\/www.formentera.es\/de\/gastronomische-wochen-im-mai\/\" \/>\n<meta property=\"og:locale\" content=\"de_DE\" \/>\n<meta property=\"og:type\" content=\"article\" \/>\n<meta property=\"og:title\" content=\"Gastronomische Wochen im Mai | Turismo de Formentera\" \/>\n<meta property=\"og:description\" content=\"[vc_row css=&#8220;.vc_custom_1553860579413{margin-right: 0px !important;margin-left: 0px !important;}&#8220;][vc_column width=&#8220;2\/3&#8243;][vc_single_image image=&#8220;39721&#8243; img_size=&#8220;full&#8220;][vc_column_text] Gastronomische Wochen Vom 12. bis 25. [&hellip;]\" \/>\n<meta property=\"og:url\" content=\"https:\/\/www.formentera.es\/de\/gastronomische-wochen-im-mai\/\" \/>\n<meta property=\"og:site_name\" content=\"Turismo de Formentera\" \/>\n<meta property=\"article:publisher\" content=\"https:\/\/www.facebook.com\/turismoformentera\/\" \/>\n<meta property=\"article:published_time\" content=\"2019-01-01T01:00:54+00:00\" \/>\n<meta property=\"article:modified_time\" content=\"2025-04-30T12:40:11+00:00\" \/>\n<meta property=\"og:image\" content=\"https:\/\/www.formentera.es\/wp-content\/uploads\/2025\/04\/gastrobanner.webp\" \/>\n\t<meta property=\"og:image:width\" content=\"1\" \/>\n\t<meta property=\"og:image:height\" content=\"1\" \/>\n\t<meta property=\"og:image:type\" content=\"image\/webp\" \/>\n<meta name=\"author\" content=\"fugrafic\" \/>\n<meta name=\"twitter:card\" content=\"summary_large_image\" \/>\n<meta name=\"twitter:creator\" content=\"@visitformentera\" \/>\n<meta name=\"twitter:site\" content=\"@visitformentera\" \/>\n<meta name=\"twitter:label1\" content=\"Verfasst von\" \/>\n\t<meta name=\"twitter:data1\" content=\"fugrafic\" \/>\n\t<meta name=\"twitter:label2\" content=\"Gesch\u00e4tzte Lesezeit\" \/>\n\t<meta name=\"twitter:data2\" content=\"4\u00a0Minuten\" \/>\n<script type=\"application\/ld+json\" class=\"yoast-schema-graph\">{\"@context\":\"https:\/\/schema.org\",\"@graph\":[{\"@type\":\"WebPage\",\"@id\":\"https:\/\/www.formentera.es\/de\/gastronomische-wochen-im-mai\/\",\"url\":\"https:\/\/www.formentera.es\/de\/gastronomische-wochen-im-mai\/\",\"name\":\"Gastronomische Wochen im Mai | Turismo de Formentera\",\"isPartOf\":{\"@id\":\"https:\/\/www.formentera.es\/#website\"},\"primaryImageOfPage\":{\"@id\":\"https:\/\/www.formentera.es\/de\/gastronomische-wochen-im-mai\/#primaryimage\"},\"image\":{\"@id\":\"https:\/\/www.formentera.es\/de\/gastronomische-wochen-im-mai\/#primaryimage\"},\"thumbnailUrl\":\"https:\/\/www.formentera.es\/wp-content\/uploads\/2025\/04\/gastrobanner.webp\",\"datePublished\":\"2019-01-01T01:00:54+00:00\",\"dateModified\":\"2025-04-30T12:40:11+00:00\",\"author\":{\"@id\":\"https:\/\/www.formentera.es\/#\/schema\/person\/bf060d78cf1cdf2c02f482a176b38409\"},\"breadcrumb\":{\"@id\":\"https:\/\/www.formentera.es\/de\/gastronomische-wochen-im-mai\/#breadcrumb\"},\"inLanguage\":\"de\",\"potentialAction\":[{\"@type\":\"ReadAction\",\"target\":[\"https:\/\/www.formentera.es\/de\/gastronomische-wochen-im-mai\/\"]}]},{\"@type\":\"ImageObject\",\"inLanguage\":\"de\",\"@id\":\"https:\/\/www.formentera.es\/de\/gastronomische-wochen-im-mai\/#primaryimage\",\"url\":\"https:\/\/www.formentera.es\/wp-content\/uploads\/2025\/04\/gastrobanner.webp\",\"contentUrl\":\"https:\/\/www.formentera.es\/wp-content\/uploads\/2025\/04\/gastrobanner.webp\"},{\"@type\":\"BreadcrumbList\",\"@id\":\"https:\/\/www.formentera.es\/de\/gastronomische-wochen-im-mai\/#breadcrumb\",\"itemListElement\":[{\"@type\":\"ListItem\",\"position\":1,\"name\":\"Portada\",\"item\":\"https:\/\/www.formentera.es\/de\/\"},{\"@type\":\"ListItem\",\"position\":2,\"name\":\"Gastronomische Wochen im Mai\"}]},{\"@type\":\"WebSite\",\"@id\":\"https:\/\/www.formentera.es\/#website\",\"url\":\"https:\/\/www.formentera.es\/\",\"name\":\"Turismo de Formentera\",\"description\":\"Web oficial de Turismo de Formentera\",\"potentialAction\":[{\"@type\":\"SearchAction\",\"target\":{\"@type\":\"EntryPoint\",\"urlTemplate\":\"https:\/\/www.formentera.es\/?s={search_term_string}\"},\"query-input\":{\"@type\":\"PropertyValueSpecification\",\"valueRequired\":true,\"valueName\":\"search_term_string\"}}],\"inLanguage\":\"de\"},{\"@type\":\"Person\",\"@id\":\"https:\/\/www.formentera.es\/#\/schema\/person\/bf060d78cf1cdf2c02f482a176b38409\",\"name\":\"fugrafic\",\"image\":{\"@type\":\"ImageObject\",\"inLanguage\":\"de\",\"@id\":\"https:\/\/www.formentera.es\/#\/schema\/person\/image\/\",\"url\":\"https:\/\/secure.gravatar.com\/avatar\/2f4071817a97d2499c5aae9674ee15015b5a3c7c0974ca84f095a8e4aadcda56?s=96&d=mm&r=g\",\"contentUrl\":\"https:\/\/secure.gravatar.com\/avatar\/2f4071817a97d2499c5aae9674ee15015b5a3c7c0974ca84f095a8e4aadcda56?s=96&d=mm&r=g\",\"caption\":\"fugrafic\"}}]}<\/script>\n<!-- \/ Yoast SEO plugin. -->","yoast_head_json":{"title":"Gastronomische Wochen im Mai | Turismo de Formentera","robots":{"index":"index","follow":"follow","max-snippet":"max-snippet:-1","max-image-preview":"max-image-preview:large","max-video-preview":"max-video-preview:-1"},"canonical":"https:\/\/www.formentera.es\/de\/gastronomische-wochen-im-mai\/","og_locale":"de_DE","og_type":"article","og_title":"Gastronomische Wochen im Mai | Turismo de Formentera","og_description":"[vc_row css=&#8220;.vc_custom_1553860579413{margin-right: 0px !important;margin-left: 0px !important;}&#8220;][vc_column width=&#8220;2\/3&#8243;][vc_single_image image=&#8220;39721&#8243; img_size=&#8220;full&#8220;][vc_column_text] Gastronomische Wochen Vom 12. bis 25. [&hellip;]","og_url":"https:\/\/www.formentera.es\/de\/gastronomische-wochen-im-mai\/","og_site_name":"Turismo de Formentera","article_publisher":"https:\/\/www.facebook.com\/turismoformentera\/","article_published_time":"2019-01-01T01:00:54+00:00","article_modified_time":"2025-04-30T12:40:11+00:00","og_image":[{"url":"https:\/\/www.formentera.es\/wp-content\/uploads\/2025\/04\/gastrobanner.webp","width":1,"height":1,"type":"image\/webp"}],"author":"fugrafic","twitter_card":"summary_large_image","twitter_creator":"@visitformentera","twitter_site":"@visitformentera","twitter_misc":{"Verfasst von":"fugrafic","Gesch\u00e4tzte Lesezeit":"4\u00a0Minuten"},"schema":{"@context":"https:\/\/schema.org","@graph":[{"@type":"WebPage","@id":"https:\/\/www.formentera.es\/de\/gastronomische-wochen-im-mai\/","url":"https:\/\/www.formentera.es\/de\/gastronomische-wochen-im-mai\/","name":"Gastronomische Wochen im Mai | Turismo de Formentera","isPartOf":{"@id":"https:\/\/www.formentera.es\/#website"},"primaryImageOfPage":{"@id":"https:\/\/www.formentera.es\/de\/gastronomische-wochen-im-mai\/#primaryimage"},"image":{"@id":"https:\/\/www.formentera.es\/de\/gastronomische-wochen-im-mai\/#primaryimage"},"thumbnailUrl":"https:\/\/www.formentera.es\/wp-content\/uploads\/2025\/04\/gastrobanner.webp","datePublished":"2019-01-01T01:00:54+00:00","dateModified":"2025-04-30T12:40:11+00:00","author":{"@id":"https:\/\/www.formentera.es\/#\/schema\/person\/bf060d78cf1cdf2c02f482a176b38409"},"breadcrumb":{"@id":"https:\/\/www.formentera.es\/de\/gastronomische-wochen-im-mai\/#breadcrumb"},"inLanguage":"de","potentialAction":[{"@type":"ReadAction","target":["https:\/\/www.formentera.es\/de\/gastronomische-wochen-im-mai\/"]}]},{"@type":"ImageObject","inLanguage":"de","@id":"https:\/\/www.formentera.es\/de\/gastronomische-wochen-im-mai\/#primaryimage","url":"https:\/\/www.formentera.es\/wp-content\/uploads\/2025\/04\/gastrobanner.webp","contentUrl":"https:\/\/www.formentera.es\/wp-content\/uploads\/2025\/04\/gastrobanner.webp"},{"@type":"BreadcrumbList","@id":"https:\/\/www.formentera.es\/de\/gastronomische-wochen-im-mai\/#breadcrumb","itemListElement":[{"@type":"ListItem","position":1,"name":"Portada","item":"https:\/\/www.formentera.es\/de\/"},{"@type":"ListItem","position":2,"name":"Gastronomische Wochen im Mai"}]},{"@type":"WebSite","@id":"https:\/\/www.formentera.es\/#website","url":"https:\/\/www.formentera.es\/","name":"Turismo de Formentera","description":"Web oficial de Turismo de Formentera","potentialAction":[{"@type":"SearchAction","target":{"@type":"EntryPoint","urlTemplate":"https:\/\/www.formentera.es\/?s={search_term_string}"},"query-input":{"@type":"PropertyValueSpecification","valueRequired":true,"valueName":"search_term_string"}}],"inLanguage":"de"},{"@type":"Person","@id":"https:\/\/www.formentera.es\/#\/schema\/person\/bf060d78cf1cdf2c02f482a176b38409","name":"fugrafic","image":{"@type":"ImageObject","inLanguage":"de","@id":"https:\/\/www.formentera.es\/#\/schema\/person\/image\/","url":"https:\/\/secure.gravatar.com\/avatar\/2f4071817a97d2499c5aae9674ee15015b5a3c7c0974ca84f095a8e4aadcda56?s=96&d=mm&r=g","contentUrl":"https:\/\/secure.gravatar.com\/avatar\/2f4071817a97d2499c5aae9674ee15015b5a3c7c0974ca84f095a8e4aadcda56?s=96&d=mm&r=g","caption":"fugrafic"}}]}},"_links":{"self":[{"href":"https:\/\/www.formentera.es\/de\/wp-json\/wp\/v2\/posts\/7254","targetHints":{"allow":["GET"]}}],"collection":[{"href":"https:\/\/www.formentera.es\/de\/wp-json\/wp\/v2\/posts"}],"about":[{"href":"https:\/\/www.formentera.es\/de\/wp-json\/wp\/v2\/types\/post"}],"author":[{"embeddable":true,"href":"https:\/\/www.formentera.es\/de\/wp-json\/wp\/v2\/users\/1"}],"replies":[{"embeddable":true,"href":"https:\/\/www.formentera.es\/de\/wp-json\/wp\/v2\/comments?post=7254"}],"version-history":[{"count":0,"href":"https:\/\/www.formentera.es\/de\/wp-json\/wp\/v2\/posts\/7254\/revisions"}],"wp:featuredmedia":[{"embeddable":true,"href":"https:\/\/www.formentera.es\/de\/wp-json\/wp\/v2\/media\/40760"}],"wp:attachment":[{"href":"https:\/\/www.formentera.es\/de\/wp-json\/wp\/v2\/media?parent=7254"}],"wp:term":[{"taxonomy":"category","embeddable":true,"href":"https:\/\/www.formentera.es\/de\/wp-json\/wp\/v2\/categories?post=7254"},{"taxonomy":"post_tag","embeddable":true,"href":"https:\/\/www.formentera.es\/de\/wp-json\/wp\/v2\/tags?post=7254"}],"curies":[{"name":"wp","href":"https:\/\/api.w.org\/{rel}","templated":true}]}}