{"id":7244,"date":"2019-01-01T01:00:39","date_gmt":"2019-01-01T00:00:39","guid":{"rendered":"https:\/\/www.formentera.es\/descubre-formentera-en-mayo\/"},"modified":"2026-04-15T11:32:38","modified_gmt":"2026-04-15T09:32:38","slug":"entdecken-sie-formentera-im-mai","status":"publish","type":"post","link":"https:\/\/www.formentera.es\/de\/entdecken-sie-formentera-im-mai\/","title":{"rendered":"Formentera im Fr\u00fchling entdecken"},"content":{"rendered":"<div class=\"wpb-content-wrapper\"><p>[vc_row css=&#8220;.vc_custom_1553859652551{margin-right: 0px !important;margin-left: 0px !important;}&#8220;][vc_column width=&#8220;2\/3&#8243;][vc_column_text css=&#8220;&#8220;]<\/p>\n<div style=\"font-family: 'Satoshi', sans-serif; color: #000; line-height: 1.6; max-width: 850px; margin: 20px auto; padding: 20px;\">\n<p><strong>ENTDECKE FORMENTERA IM FR\u00dcHLING!<\/strong><\/p>\n<p><strong>Kampagne mit Rabatten und Angeboten, g\u00fcltig vom 1. Mai bis zum 31. Mai<\/strong><\/p>\n<p>Im Fr\u00fchling sind die Tage l\u00e4nger und w\u00e4rmer, sodass du die wundersch\u00f6nen Str\u00e4nde genie\u00dfen kannst, da es mehr Tageslichtstunden gibt, um den Tag optimal zu nutzen. Die Felder sind sch\u00f6ner als je zuvor, voller Farben und D\u00fcfte.<\/p>\n<p>Der Mai ist eine ideale Zeit, um einige Tage auf Formentera zu verbringen. Au\u00dferdem wird dieses attraktive Angebot durch ein umfangreiches Veranstaltungsprogramm erg\u00e4nzt:<\/p>\n<ul>\n<li>2 Mai Marnat\u00f3n E-dreams by Bale\u00e0ria<\/li>\n<li>2 Mai VI Open Caza Fotosub Apnea Formentera<\/li>\n<li>9 Mai I Formentera 4x10K<\/li>\n<li>11 &#8211; 24. Mai Gastronomische Wochen<\/li>\n<li>16 Mai XVII 1\/2 Marathon Formentera und 8K<\/li>\n<li>29 &#8211; 30.Mai Feste von Sant Ferran<\/li>\n<li>29-31. Mai Formentera Zen<\/li>\n<li>30 Mai Ultraswim Sta. Eul\u00e0lia &#8211; Es Pujols<\/li>\n<\/ul>\n<p>Sie k\u00f6nnen von wichtigen Angeboten und Rabatten bei F\u00e4hrgesellschaften, Unterk\u00fcnften, Fahrzeugvermietungen und Erlebnissen profitieren. Nachfolgend werden diese im Detail aufgef\u00fchrt:<\/p>\n<p>&nbsp;<\/p>\n<p><strong><u>F\u00c4HRGESELLSCHAFTEN<\/u><\/strong><br \/>\n<strong>TRASMAPI:<\/strong><br \/>\n30% Rabatt mit dem <strong>Aktionscode DESCUMAYO26<\/strong> &#8211; g\u00fcltig f\u00fcr Reisen vom 01\/05 bis zum 31\/05\/2026.<\/p>\n<p>Bedingungen:<br \/>\n\u2022 Gilt beim Kauf von Hin- und R\u00fcckfahrkarten (nicht g\u00fcltig bei einfacher Fahrt)<\/p>\n<ul>\n<li>Rabatte gelten f\u00fcr Passagiere und Passagiere + Fahrzeuge<\/li>\n<li>Angebot g\u00fcltig beim Kauf der Tickets direkt \u00fcber unsere Website und am Schalter.<\/li>\n<\/ul>\n<p>Reservierungen unter <a href=\"http:\/\/www.trasmapi.com\">www.trasmapi.com<\/a><\/p>\n<p><strong>FORMENTERA LINES<\/strong><\/p>\n<p>30% Rabatt mit dem <strong>Aktionscode DESFORMAYO26<\/strong> g\u00fcltig f\u00fcr Reisen vom 01\/05 bis zum 31\/05\/2026.<\/p>\n<p>Bedingungen:<br \/>\n\u2022 Gilt beim Kauf von Hin- und R\u00fcckfahrkarten (nicht g\u00fcltig bei einfacher Fahrt)<\/p>\n<ul>\n<li>Rabatte gelten f\u00fcr Passagiere und Passagiere + Fahrzeuge<\/li>\n<li>Angebot g\u00fcltig beim Kauf der Tickets direkt \u00fcber unsere Website und am Schalter.<\/li>\n<\/ul>\n<p>Reservierungen unter <a href=\"http:\/\/www.formenteralines.com\">www.formenteralines.com<\/a><\/p>\n<p>&nbsp;<\/p>\n<p><strong><u>UNTERK\u00dcNFTE<\/u><\/strong><br \/>\n<strong>APARTAMENTS LAURA PLATJA DE MITJORN<\/strong><\/p>\n<p>Sonderpreise und 10% Rabatt bei Aufenthalten von mehr als 3 N\u00e4chten \/ Willkommensgeschenk \/ Sp\u00e4ter Check-out je nach Verf\u00fcgbarkeit.<\/p>\n<p>Reservierungen unter <a href=\"mailto:info@canxicucastello.com\">info@canxicucastello.com<\/a><\/p>\n<p>&nbsp;<\/p>\n<p><strong>CASES TUR\u00cdSTIQUES CAN XICU CASTELL\u00d3<\/strong><\/p>\n<p>Sonderpreise und 10% Rabatt bei Aufenthalten von mehr als 3 N\u00e4chten \/ Willkommensgeschenk \/ Sp\u00e4ter Check-out je nach Verf\u00fcgbarkeit.<\/p>\n<p>Reservierungen unter <a href=\"mailto:info@canxicucastello.com\">info@canxicucastello.com<\/a><\/p>\n<p>&nbsp;<\/p>\n<p><strong>CAN XUMEU CARLOS<\/strong><\/p>\n<p>15% Rabatt auf den Tarif bei allen Reservierungen mit dem <strong>Aktionscode Consell2026<\/strong>. (Rabatt nicht kombinierbar mit unserem aktuellen Angebot von 12% f\u00fcr Aufenthalte von 7 N\u00e4chten oder mehr)<\/p>\n<p>Reservierungen unter <a href=\"mailto:canxumeucarlos@gmail.com\">canxumeucarlos@gmail.com<\/a><\/p>\n<p>&nbsp;<\/p>\n<p><strong>INSOTEL GROUP<\/strong><\/p>\n<p>10% Rabatt mit dem <strong>Aktionscode DFOR26<\/strong> f\u00fcr Aufenthalte vom 30\/4 bis 31\/5 in:<br \/>\n\u2022 Insotel Hotel Formentera Playa<\/p>\n<ul>\n<li>Hostal ESPI2.<\/li>\n<\/ul>\n<p>10% Rabatt mit dem <strong>Aktionscode DFOR26<\/strong> f\u00fcr Aufenthalte vom 16\/5 bis 31\/5 in:<br \/>\n\u2022 Insotel Club Maryland<\/p>\n<p>Reservierungen unter <a href=\"http:\/\/www.insotel.com\">www.insotel.com<\/a><\/p>\n<p>&nbsp;<\/p>\n<p><strong>ES PAS FORMENTERA AGROTURISMO<\/strong><\/p>\n<p>15 % Rabatt auf Aufenthalte ab 3 N\u00e4chten bei Erw\u00e4hnung der Kampagne bei Kontaktaufnahme mit der Unterkunft.<\/p>\n<p>Reservierungen unter <a href=\"mailto:info@espasformentera.com\">info@espasformentera.com<\/a><\/p>\n<p><a href=\"http:\/\/www.espasformentera.com\">www.espasformentera.com<\/a><\/p>\n<p>&nbsp;<\/p>\n<p><strong>EMAR HOTELS<\/strong><\/p>\n<p>FERIENWOHNUNGEN LA GAVIOTA<\/p>\n<p>FERIENWOHNUNGEN PINOMAR<\/p>\n<p>BUNGALOWS ES PINS<\/p>\n<p>HOSTEL ES PI<\/p>\n<p>FERIENWOHNUNGEN AGUAMAR<\/p>\n<p>FERIENWOHNUNGEN ES PUJOLS<\/p>\n<p>FERIENWOHNUNGEN PROA<\/p>\n<p>FERIENWOHNUNGEN TIM\u00d3N<\/p>\n<p>HOTEL VORAMAR<\/p>\n<p>HOTEL ROSAMAR<\/p>\n<p>FERIENWOHNUNGEN ES POU<\/p>\n<p>HAUS ES POU<\/p>\n<p>FERIENWOHNUNGEN SA BARDA<\/p>\n<p>10 % Rabatt mit dem<strong> Aktionscode EMARDESCOBREIX<\/strong><\/p>\n<p>Reservierungen unter <a href=\"http:\/\/www.emarhotels.com\">www.emarhotels.com<\/a><\/p>\n<p>&nbsp;<\/p>\n<p><strong>COSTA Y MAYANS<\/strong><\/p>\n<p>5 % Rabatt auf Aufenthalte von 5 N\u00e4chten oder weniger<\/p>\n<p>10 % Rabatt auf Aufenthalte von 7 N\u00e4chten oder mehr<\/p>\n<p>F\u00fcr Online-Buchungen mit dem <strong>Aktionscode MAIG26<\/strong><\/p>\n<p>Weitere Informationen und Buchungen unter <a href=\"http:\/\/www.costaymayans.com\">www.costaymayans.com<\/a>, per E-Mail an <a href=\"mailto:costaymayans@telefonica.net\">costaymayans@telefonica.net<\/a> \u00a0oder telefonisch unter +34 676 414 417.<\/p>\n<p>&nbsp;<\/p>\n<p><strong>ASTBURY<\/strong><br \/>\n5 % Rabatt auf Aufenthalte ab 3 N\u00e4chten in den Unterk\u00fcnften bei Online-Buchungen mit dem <strong>Promo-Code ASTBURYTURISME10 :<\/strong><\/p>\n<ul>\n<li>Can Miguel Marti Bungalows<\/li>\n<li>Apartments Campanitx<\/li>\n<li>Villas Campanitx<\/li>\n<\/ul>\n<p>Weitere Informationen und Buchungen unter <a href=\"http:\/\/www.astburyformentera.es\">www.astburyformentera.es<\/a> oder telefonisch unter +34 971 323 505 oder +34 651 805 657<\/p>\n<p><strong>\u00a0<\/strong><\/p>\n<p><strong>APARTAMENTOS VISTA VEDR\u00c0<\/strong><\/p>\n<p>10 % Rabatt auf Online-Buchungen mit dem <strong>Promo-Code MAYO10.<\/strong><\/p>\n<p>Weitere Informationen und Buchungen unter <a href=\"http:\/\/www.apartamentosvistavedra.com\">www.apartamentosvistavedra.com<\/a><\/p>\n<p>&nbsp;<\/p>\n<p><strong>PARA\u00cdSO DE LOS PINOS<\/strong><\/p>\n<p>10 % Rabatt auf Online-Buchungen mit dem <strong>Promo-Code PRIMAVERA26.<\/strong><\/p>\n<p>Weitere Informationen und Buchungen unter <a href=\"http:\/\/www.paraisodelospinos.com\">www.paraisodelospinos.com<\/a><\/p>\n<p>&nbsp;<\/p>\n<p><strong>HOSTAL MAR BLAU<\/strong><\/p>\n<p>10 % Rabatt und ein Willkommensgeschenk.<\/p>\n<p>Reservierungen unter <a href=\"mailto:jrafalet@gmail.com\">jrafalet@gmail.com<\/a><\/p>\n<p>&nbsp;<\/p>\n<p><strong>CASA CAN MESTRE<\/strong><\/p>\n<p>10 % Rabatt und ein Willkommensgeschenk.<\/p>\n<p>Reservierungen unter <a href=\"mailto:jrafalet@gmail.com\">jrafalet@gmail.com<\/a><\/p>\n<p>&nbsp;<\/p>\n<p><strong><u>FAHRZEUGVERMIETUNG<\/u><\/strong><\/p>\n<p><strong>LA MOLA RENT<\/strong><\/p>\n<p>26 % Rabatt auf Online-Reservierungen mit dem <strong>Aktionscode PRIMAVERA26<\/strong>.<\/p>\n<p>Reservierungen unter <a href=\"http:\/\/www.lamolarent.com\">www.lamolarent.com<\/a><\/p>\n<p>&nbsp;<\/p>\n<p><strong>MOTORENT PUJOLS<\/strong><\/p>\n<p>10% Rabatt mit dem <strong>Aktionscode Primavera26<\/strong> f\u00fcr Online-Reservierungen \u00fcber unsere Website.<\/p>\n<p>Reservierungen unter <a href=\"http:\/\/www.motorentpujols.com\">www.motorentpujols.com<\/a><\/div>\n<div style=\"font-family: 'Satoshi', sans-serif; color: #000; line-height: 1.6; max-width: 850px; margin: 20px auto; padding: 20px;\">\n<p><strong>RENT A CAR SAN FERNANDO<\/strong><\/p>\n<p>10% Rabatt auf alle Online-Reservierungen mit dem <strong>Aktionscode PROMOMAYO26<\/strong>.<\/p>\n<p>Reservierungen unter <a href=\"http:\/\/www.rentacarsanfernando.com\">www.rentacarsanfernando.com<\/a><\/p>\n<p><strong>FORMENTERA RENT A MOTO<\/strong><\/p>\n<p>10% Rabatt auf alle Online-Reservierungen mit dem <strong>Aktionscode PROMOMAYO26<\/strong>.<\/p>\n<p>Reservierungen unter <a href=\"http:\/\/www.formenterarentamoto.com\">www.formenterarentamoto.com<\/a><\/p>\n<p>&nbsp;<\/p>\n<p><strong>MOTO RENT MITJORN<\/strong><\/p>\n<p>10% zus\u00e4tzlicher Rabatt zum bestehenden 15% bei Buchung \u00fcber die Website mit dem <strong>Aktionscode PRIMAVERA2026.<\/strong><\/p>\n<p>Reservierungen unter <a href=\"http:\/\/www.mitjornmotorent.com\">www.mitjornmotorent.com<\/a><\/p>\n<p><strong>BLUE AUTOS<\/strong><\/p>\n<p>10% Rabatt auf alle Online-Reservierungen mit dem <strong>Aktionscode PRIMAVERA26<\/strong>.<br \/>\nReservierungen unter <a href=\"http:\/\/www.blueautosrentacar.com\">www.blueautosrentacar.com<\/a><\/p>\n<p>&nbsp;<\/p>\n<p><strong><u>GASTRONOMIE<\/u><\/strong><br \/>\n<strong>CAF\u00c9 28 FORMENTERA<\/strong><\/p>\n<p>10% Rabatt auf die Speisekarte und auf Speisen zum Mitnehmen (Tagesmen\u00fc ausgeschlossen).<\/p>\n<p>&nbsp;<\/p>\n<p><strong><u>ERLEBNISSE UND ANDERE DIENSTLEISTUNGEN<\/u><\/strong><\/p>\n<p><strong>FORMENTERA DIVERS<\/strong><\/p>\n<p>10% Rabatt auf Aktivit\u00e4ten w\u00e4hrend des angegebenen Zeitraums.<\/p>\n<p>Reservierungen unter <a href=\"http:\/\/www.formenteradivers.com\">www.formenteradivers.com<\/a><\/p>\n<p>&nbsp;<\/p>\n<p><strong>WHITE SAND SURF<\/strong><br \/>\n20 % Rabatt auf den Paddle-Surf-Verleih in Illetes.<\/p>\n<p>20 % Rabatt auf den Kajakverleih nach Espalmador.<\/p>\n<p>50 % Rabatt f\u00fcr Einwohner und Arbeitnehmer auf der Insel.<\/p>\n<p>Weitere Informationen und Reservierungen unter <a href=\"http:\/\/www.whitesandsurf.es\">www.whitesandsurf.es<\/a><\/p>\n<p><strong>\u00a0<\/strong><\/p>\n<p><strong>EXPERIENCE SEA<\/strong><\/p>\n<p>Sie bestimmen den Kurs. Sie entscheiden den Plan. Nur Meer, Sonne und Freiheit. Verwandeln Sie Ihren Tag auf dem Meer in eine unvergessliche <strong data-start=\"1305\" data-end=\"1323\">EXPERIENCE SEA<\/strong>. F\u00fchlen Sie sich wie auf Ihrem eigenen Boot auf Formentera und entdecken Sie die Insel in v\u00f6lliger Freiheit. Einfach, sicher und darauf ausgelegt, dass Sie vom ersten Moment an genie\u00dfen. Machen Sie Ihr Erlebnis einzigartig.<\/p>\n<p>10 % Rabatt auf Bootsvermietungen mit dem <strong>Aktionscod<\/strong><strong>e PRIMAVERAEXPERIENCE<\/strong> bei Buchungen \u00fcber WhatsApp unter +34 618 983 600 oder per E-Mail an <a href=\"mailto:marisa@experiencesea.es\">marisa@experiencesea.es<\/a><\/p>\n<p>Weitere Informationen unter <a href=\"http:\/\/www.experiencesea.es\">www.experiencesea.es<\/a><\/p>\n<p><strong>\u00a0<\/strong><\/p>\n<p><strong>@elcielodeformentera<\/strong><br \/>\nVom Meer zum Universum.<br \/>\nErkunden Sie Sterne, Planeten und nat\u00fcrliche Satelliten mit professionellen. Teleskopen.<br \/>\n10 % Rabatt auf private astronomische Beobachtungen.<br \/>\nTel. +34 722 887 280<\/p>\n<p>&nbsp;<\/p>\n<p><strong>DIME FORMENTERA<\/strong><br \/>\n10 % Rabatt auf den Hauptservice eines privaten Fahrers.<br \/>\nWeitere Informationen und andere Dienstleistungen unter. <a href=\"http:\/\/www.dimeformentera.com\">www.dimeformentera.com<\/a><br \/>\nTel. +34 722 887 280<\/div>\n<p>[\/vc_column_text][\/vc_column][vc_column width=&#8220;1\/3&#8243;][vc_column_text]<div id=\"sidebar_ficha\"><div class=\"spost\"><div class=\"tag\">Mai<\/div><\/div><div class=\"bloc_share\"><div class=\"tit_medium\">Teilen\r\n\u00fcbersetzungen<\/div><div class=\"redes_ficha\"><div class=\"fa fa fa-brands fa-x-twitter st-custom-button\" data-network=\"twitter\"><\/div><div class=\"fa fa-facebook st-custom-button\" data-network=\"facebook\"><\/div><div class=\"fa fa-pinterest-p st-custom-button\" data-network=\"pinterest\"><\/div><\/div><div class=\"tit_medium\">An einen Freund senden<\/div><div class=\"redes_ficha\"><div class=\"fa fa-envelope st-custom-button\" data-network=\"email\"><\/div><div class=\"fa fa-whatsapp st-custom-button\" data-network=\"whatsapp\"><\/div><\/div><\/div><\/div>[\/vc_column_text][vc_single_image image=&#8220;56618&#8243; img_size=&#8220;full&#8220; onclick=&#8220;link_image&#8220; css=&#8220;&#8220; el_class=&#8220;sidebar60&#8243;][\/vc_column][\/vc_row][vc_row full_width=&#8220;stretch_row_content_no_spaces&#8220;][vc_column][vc_column_text]<style>#jtg-1873 .modula-item .jtg-social a, .lightbox-socials.jtg-social a{ fill: #ffffff; color: #ffffff }#jtg-1873 .modula-item .jtg-social-mobile a{ fill: #ffffff; color: #ffffff }#jtg-1873 .modula-item .jtg-social svg, .lightbox-socials.jtg-social svg { height: 16px; width: 16px }#jtg-1873 .modula-item .jtg-social-mobile svg { height: 16px; width: 16px }#jtg-1873 .modula-item .jtg-social a:not(:last-child), .lightbox-socials.jtg-social a:not(:last-child) { margin-right: 10px }#jtg-1873 .modula-item .jtg-social-mobile .jtg-social-mobile-icons a:not(:last-child){ margin-right: 10px }#jtg-1873 .modula-item .figc {color:#ffffff;}#jtg-1873 .modula-item .modula-item-content { transform: scale(1) }#jtg-1873 .modula-items .figc p.description { font-size:14px; }#jtg-1873 .modula-items .figc p.description { color:#ffffff;}#jtg-1873.modula-gallery .modula-item > a, #jtg-1873.modula-gallery .modula-item, #jtg-1873.modula-gallery .modula-item-content > a:not(.modula-no-follow) { cursor:zoom-in; } #jtg-1873.modula-gallery .modula-item-content .modula-no-follow { cursor: default; } #jtg-1873 .modula-item { background-color:#000000; }#jtg-1873 .modula-item:hover img { opacity: 0.5; }#jtg-1873 .modula-item { transform: scale(1) translate(0px,0px) rotate(0deg); }@media screen and (max-width:480px){#jtg-1873 .modula-item .figc .jtg-title {  font-size: 12px; }#jtg-1873 .modula-items .figc p.description { color:#ffffff;font-size:10px; }}<\/style>\n<div  id=\"jtg-1873\" class=\"modula modula-gallery modula-custom-grid\" data-config=\"{&quot;height&quot;:800,&quot;tabletHeight&quot;:800,&quot;mobileHeight&quot;:800,&quot;desktopHeight&quot;:800,&quot;enableTwitter&quot;:false,&quot;enableWhatsapp&quot;:false,&quot;enableFacebook&quot;:false,&quot;enablePinterest&quot;:false,&quot;enableLinkedin&quot;:false,&quot;enableEmail&quot;:false,&quot;randomFactor&quot;:0.5,&quot;type&quot;:&quot;custom-grid&quot;,&quot;columns&quot;:12,&quot;gutter&quot;:10,&quot;mobileGutter&quot;:10,&quot;tabletGutter&quot;:10,&quot;desktopGutter&quot;:10,&quot;enableResponsive&quot;:true,&quot;tabletColumns&quot;:2,&quot;mobileColumns&quot;:1,&quot;lazyLoad&quot;:&quot;0&quot;,&quot;lightboxOpts&quot;:{&quot;animated&quot;:true,&quot;Thumbs&quot;:{&quot;type&quot;:&quot;modern&quot;,&quot;showOnStart&quot;:false},&quot;Toolbar&quot;:{&quot;display&quot;:{&quot;right&quot;:[&quot;close&quot;]},&quot;enabled&quot;:true},&quot;Carousel&quot;:{&quot;Panzoom&quot;:{&quot;touch&quot;:false},&quot;infinite&quot;:false},&quot;keyboard&quot;:{&quot;Escape&quot;:&quot;close&quot;,&quot;Delete&quot;:&quot;close&quot;,&quot;Backspace&quot;:&quot;close&quot;,&quot;PageUp&quot;:false,&quot;PageDown&quot;:false,&quot;ArrowUp&quot;:false,&quot;ArrowDown&quot;:false,&quot;ArrowRight&quot;:false,&quot;ArrowLeft&quot;:false},&quot;touch&quot;:false,&quot;backdropClick&quot;:false,&quot;l10n&quot;:{&quot;CLOSE&quot;:&quot;Close&quot;,&quot;NEXT&quot;:&quot;Next&quot;,&quot;PREV&quot;:&quot;Previous&quot;,&quot;Error&quot;:&quot;The requested content cannot be loaded. Please try again later.&quot;,&quot;PLAY_START&quot;:&quot;Start slideshow&quot;,&quot;PLAY_STOP&quot;:&quot;Pause slideshow&quot;,&quot;FULL_SCREEN&quot;:&quot;Full screen&quot;,&quot;THUMBS&quot;:&quot;Thumbnails&quot;,&quot;DOWNLOAD&quot;:&quot;Download&quot;,&quot;SHARE&quot;:&quot;Share&quot;,&quot;ZOOM&quot;:&quot;Zoom&quot;,&quot;EMAIL&quot;:&quot;Here is the link to the image : %%image_link%% and this is the link to the gallery : %%gallery_link%%&quot;,&quot;MODAL&quot;:&quot;You can close this modal content with the ESC key&quot;,&quot;ERROR&quot;:&quot;Something Went Wrong, Please Try Again Later&quot;,&quot;IMAGE_ERROR&quot;:&quot;Image Not Found&quot;,&quot;ELEMENT_NOT_FOUND&quot;:&quot;HTML Element Not Found&quot;,&quot;AJAX_NOT_FOUND&quot;:&quot;Error Loading AJAX : Not Found&quot;,&quot;AJAX_FORBIDDEN&quot;:&quot;Error Loading AJAX : Forbidden&quot;,&quot;IFRAME_ERROR&quot;:&quot;Error Loading Page&quot;,&quot;TOGGLE_ZOOM&quot;:&quot;Toggle zoom level&quot;,&quot;TOGGLE_THUMBS&quot;:&quot;Toggle thumbnails&quot;,&quot;TOGGLE_SLIDESHOW&quot;:&quot;Toggle slideshow&quot;,&quot;TOGGLE_FULLSCREEN&quot;:&quot;Toggle full-screen mode&quot;},&quot;Images&quot;:{&quot;Panzoom&quot;:{&quot;maxScale&quot;:2}},&quot;mainClass&quot;:&quot;modula-fancybox-container modula-lightbox-jtg-1873&quot;,&quot;Html&quot;:{&quot;videoAutoplay&quot;:0,&quot;videoTpl&quot;:&quot;&lt;video class=\\&quot;fancybox__html5video\\&quot; controls muted playsinline controlsList controlsList=\\&quot;nodownload\\&quot; poster=\\&quot;{{poster}}\\&quot; src=\\&quot;{{src}}\\&quot; type=\\&quot;{{format}}\\&quot; &gt;  Sorry, your browser doesn&#039;t support embedded videos, &lt;a href=\\&quot;{{src}}\\&quot;&gt; download &lt;\\\/a&gt; and watch with your favorite video player! &lt;\\\/video&gt;&quot;}},&quot;inView&quot;:false,&quot;email_subject&quot;:&quot;\\u00a1\\u00a1Mira esta impresionante imagen!!&quot;,&quot;email_message&quot;:&quot;Este es el enlace a la imagen: %%image_link%% y este es el enlace a la galer\\u00eda: %%gallery_link%%&quot;,&quot;lightbox&quot;:&quot;fancybox&quot;,&quot;filterClick&quot;:&quot;0&quot;,&quot;defaultActiveFilter&quot;:&quot;all&quot;}\">\n\n\t\n\t<div  class=\"modula-items\">\n\t\t<div class=\"modula-item effect-quiet jtg-filter-all jtg-filter-\" data-width=\"12\" data-height=\"6\" >\n\t<div class=\"modula-item-overlay\"><\/div>\n\n\t<div class=\"modula-item-content\">\n\n\t\t\t\t\n\t\t\t\t\t<a data-image-id=\"1874\" tabindex=\"0\" href=\"https:\/\/www.formentera.es\/wp-content\/uploads\/2019\/01\/Raco\u0301-de-Sa-Pujada.jpg\" rel=\"jtg-1873\" data-caption=\"\" aria-label=\"Open image in lightbox\" role=\"button\" data-cyclefilter=\"show\" data-fancybox=\"jtg-1873\" class=\"tile-inner modula-item-link\"><\/a>\n\t\t\n\t\t<img loading=\"lazy\" decoding=\"async\" class=\"pic wp-image-1874\"  data-valign=\"middle\" data-halign=\"center\" alt=\"\" data-full=\"https:\/\/www.formentera.es\/wp-content\/uploads\/2019\/01\/Raco\u0301-de-Sa-Pujada.jpg\" title=\"Raco\u0301 de Sa Pujada\" width=\"1900\" height=\"1267\" src=\"https:\/\/www.formentera.es\/wp-content\/uploads\/2019\/01\/Raco\u0301-de-Sa-Pujada.jpg\" data-src=\"https:\/\/www.formentera.es\/wp-content\/uploads\/2019\/01\/Raco\u0301-de-Sa-Pujada.jpg\" data-caption=\"\" srcset=\"https:\/\/www.formentera.es\/wp-content\/uploads\/2019\/01\/Raco\u0301-de-Sa-Pujada.jpg 1900w, https:\/\/www.formentera.es\/wp-content\/uploads\/2019\/01\/Raco\u0301-de-Sa-Pujada-300x200.jpg 300w, https:\/\/www.formentera.es\/wp-content\/uploads\/2019\/01\/Raco\u0301-de-Sa-Pujada-768x512.jpg 768w, https:\/\/www.formentera.es\/wp-content\/uploads\/2019\/01\/Raco\u0301-de-Sa-Pujada-1024x683.jpg 1024w\" sizes=\"auto, (max-width: 1900px) 100vw, 1900px\" \/>\n\t\t<div class=\"figc no-description\">\n\t\t\t<div class=\"figc-inner\">\n\t\t\t\t\t\t\t\t\t\t\t\t\t\t\t<\/div>\n\t\t<\/div>\n\n\t<\/div>\n\n<\/div><div class=\"modula-item effect-quiet jtg-filter-all jtg-filter-\" data-width=\"6\" data-height=\"6\" >\n\t<div class=\"modula-item-overlay\"><\/div>\n\n\t<div class=\"modula-item-content\">\n\n\t\t\t\t\n\t\t\t\t\t<a data-image-id=\"1876\" tabindex=\"0\" href=\"https:\/\/www.formentera.es\/wp-content\/uploads\/2019\/01\/Senderismo_Moonkoala.jpg\" rel=\"jtg-1873\" data-caption=\"\" aria-label=\"Open image in lightbox\" role=\"button\" data-cyclefilter=\"show\" data-fancybox=\"jtg-1873\" class=\"tile-inner modula-item-link\"><\/a>\n\t\t\n\t\t<img loading=\"lazy\" decoding=\"async\" class=\"pic wp-image-1876\"  data-valign=\"middle\" data-halign=\"center\" alt=\"\" data-full=\"https:\/\/www.formentera.es\/wp-content\/uploads\/2019\/01\/Senderismo_Moonkoala.jpg\" title=\"Senderismo_Moonkoala\" width=\"1900\" height=\"1267\" src=\"https:\/\/www.formentera.es\/wp-content\/uploads\/2019\/01\/Senderismo_Moonkoala.jpg\" data-src=\"https:\/\/www.formentera.es\/wp-content\/uploads\/2019\/01\/Senderismo_Moonkoala.jpg\" data-caption=\"\" srcset=\"https:\/\/www.formentera.es\/wp-content\/uploads\/2019\/01\/Senderismo_Moonkoala.jpg 1900w, https:\/\/www.formentera.es\/wp-content\/uploads\/2019\/01\/Senderismo_Moonkoala-300x200.jpg 300w, https:\/\/www.formentera.es\/wp-content\/uploads\/2019\/01\/Senderismo_Moonkoala-768x512.jpg 768w, https:\/\/www.formentera.es\/wp-content\/uploads\/2019\/01\/Senderismo_Moonkoala-1024x683.jpg 1024w\" sizes=\"auto, (max-width: 1900px) 100vw, 1900px\" \/>\n\t\t<div class=\"figc no-description\">\n\t\t\t<div class=\"figc-inner\">\n\t\t\t\t\t\t\t\t\t\t\t\t\t\t\t<\/div>\n\t\t<\/div>\n\n\t<\/div>\n\n<\/div><div class=\"modula-item effect-quiet jtg-filter-all jtg-filter-\" data-width=\"6\" data-height=\"6\" >\n\t<div class=\"modula-item-overlay\"><\/div>\n\n\t<div class=\"modula-item-content\">\n\n\t\t\t\t\n\t\t\t\t\t<a data-image-id=\"1875\" tabindex=\"0\" href=\"https:\/\/www.formentera.es\/wp-content\/uploads\/2019\/01\/rutes_verdes_01.jpg\" rel=\"jtg-1873\" data-caption=\"\" aria-label=\"Open image in lightbox\" role=\"button\" data-cyclefilter=\"show\" data-fancybox=\"jtg-1873\" class=\"tile-inner modula-item-link\"><\/a>\n\t\t\n\t\t<img loading=\"lazy\" decoding=\"async\" class=\"pic wp-image-1875\"  data-valign=\"middle\" data-halign=\"center\" alt=\"\" data-full=\"https:\/\/www.formentera.es\/wp-content\/uploads\/2019\/01\/rutes_verdes_01.jpg\" title=\"rutes_verdes_01\" width=\"1900\" height=\"1267\" src=\"https:\/\/www.formentera.es\/wp-content\/uploads\/2019\/01\/rutes_verdes_01.jpg\" data-src=\"https:\/\/www.formentera.es\/wp-content\/uploads\/2019\/01\/rutes_verdes_01.jpg\" data-caption=\"\" srcset=\"https:\/\/www.formentera.es\/wp-content\/uploads\/2019\/01\/rutes_verdes_01.jpg 1900w, https:\/\/www.formentera.es\/wp-content\/uploads\/2019\/01\/rutes_verdes_01-300x200.jpg 300w, https:\/\/www.formentera.es\/wp-content\/uploads\/2019\/01\/rutes_verdes_01-768x512.jpg 768w, https:\/\/www.formentera.es\/wp-content\/uploads\/2019\/01\/rutes_verdes_01-1024x683.jpg 1024w\" sizes=\"auto, (max-width: 1900px) 100vw, 1900px\" \/>\n\t\t<div class=\"figc no-description\">\n\t\t\t<div class=\"figc-inner\">\n\t\t\t\t\t\t\t\t\t\t\t\t\t\t\t<\/div>\n\t\t<\/div>\n\n\t<\/div>\n\n<\/div><div class=\"modula-item effect-quiet jtg-filter-all jtg-filter-\" data-width=\"9\" data-height=\"6\" >\n\t<div class=\"modula-item-overlay\"><\/div>\n\n\t<div class=\"modula-item-content\">\n\n\t\t\t\t\n\t\t\t\t\t<a data-image-id=\"1881\" tabindex=\"0\" href=\"https:\/\/www.formentera.es\/wp-content\/uploads\/2019\/01\/GOPRO-Nadando-en-poseidonia.jpg\" rel=\"jtg-1873\" data-caption=\"\" aria-label=\"Open image in lightbox\" role=\"button\" data-cyclefilter=\"show\" data-fancybox=\"jtg-1873\" class=\"tile-inner modula-item-link\"><\/a>\n\t\t\n\t\t<img loading=\"lazy\" decoding=\"async\" class=\"pic wp-image-1881\"  data-valign=\"middle\" data-halign=\"center\" alt=\"\" data-full=\"https:\/\/www.formentera.es\/wp-content\/uploads\/2019\/01\/GOPRO-Nadando-en-poseidonia.jpg\" title=\"GOPRO Nadando en poseidonia\" width=\"1900\" height=\"1425\" src=\"https:\/\/www.formentera.es\/wp-content\/uploads\/2019\/01\/GOPRO-Nadando-en-poseidonia.jpg\" data-src=\"https:\/\/www.formentera.es\/wp-content\/uploads\/2019\/01\/GOPRO-Nadando-en-poseidonia.jpg\" data-caption=\"\" srcset=\"https:\/\/www.formentera.es\/wp-content\/uploads\/2019\/01\/GOPRO-Nadando-en-poseidonia.jpg 1900w, https:\/\/www.formentera.es\/wp-content\/uploads\/2019\/01\/GOPRO-Nadando-en-poseidonia-300x225.jpg 300w, https:\/\/www.formentera.es\/wp-content\/uploads\/2019\/01\/GOPRO-Nadando-en-poseidonia-768x576.jpg 768w, https:\/\/www.formentera.es\/wp-content\/uploads\/2019\/01\/GOPRO-Nadando-en-poseidonia-1024x768.jpg 1024w\" sizes=\"auto, (max-width: 1900px) 100vw, 1900px\" \/>\n\t\t<div class=\"figc no-description\">\n\t\t\t<div class=\"figc-inner\">\n\t\t\t\t\t\t\t\t\t\t\t\t\t\t\t<\/div>\n\t\t<\/div>\n\n\t<\/div>\n\n<\/div><div class=\"modula-item effect-quiet jtg-filter-all jtg-filter-\" data-width=\"3\" data-height=\"3\" >\n\t<div class=\"modula-item-overlay\"><\/div>\n\n\t<div class=\"modula-item-content\">\n\n\t\t\t\t\n\t\t\t\t\t<a data-image-id=\"1878\" tabindex=\"0\" href=\"https:\/\/www.formentera.es\/wp-content\/uploads\/2019\/01\/3\u00ba-RE\u0301FLEX-ALBERT-LERYCKE.jpg\" rel=\"jtg-1873\" data-caption=\"\" aria-label=\"Open image in lightbox\" role=\"button\" data-cyclefilter=\"show\" data-fancybox=\"jtg-1873\" class=\"tile-inner modula-item-link\"><\/a>\n\t\t\n\t\t<img loading=\"lazy\" decoding=\"async\" class=\"pic wp-image-1878\"  data-valign=\"middle\" data-halign=\"center\" alt=\"\" data-full=\"https:\/\/www.formentera.es\/wp-content\/uploads\/2019\/01\/3\u00ba-RE\u0301FLEX-ALBERT-LERYCKE.jpg\" title=\"3\u00ba RE\u0301FLEX &#8211; ALBERT LERYCKE\" width=\"1900\" height=\"1262\" src=\"https:\/\/www.formentera.es\/wp-content\/uploads\/2019\/01\/3\u00ba-RE\u0301FLEX-ALBERT-LERYCKE.jpg\" data-src=\"https:\/\/www.formentera.es\/wp-content\/uploads\/2019\/01\/3\u00ba-RE\u0301FLEX-ALBERT-LERYCKE.jpg\" data-caption=\"\" srcset=\"https:\/\/www.formentera.es\/wp-content\/uploads\/2019\/01\/3\u00ba-RE\u0301FLEX-ALBERT-LERYCKE.jpg 1900w, https:\/\/www.formentera.es\/wp-content\/uploads\/2019\/01\/3\u00ba-RE\u0301FLEX-ALBERT-LERYCKE-300x199.jpg 300w, https:\/\/www.formentera.es\/wp-content\/uploads\/2019\/01\/3\u00ba-RE\u0301FLEX-ALBERT-LERYCKE-768x510.jpg 768w, https:\/\/www.formentera.es\/wp-content\/uploads\/2019\/01\/3\u00ba-RE\u0301FLEX-ALBERT-LERYCKE-1024x680.jpg 1024w\" sizes=\"auto, (max-width: 1900px) 100vw, 1900px\" \/>\n\t\t<div class=\"figc no-description\">\n\t\t\t<div class=\"figc-inner\">\n\t\t\t\t\t\t\t\t\t\t\t\t\t\t\t<\/div>\n\t\t<\/div>\n\n\t<\/div>\n\n<\/div><div class=\"modula-item effect-quiet jtg-filter-all jtg-filter-\" data-width=\"3\" data-height=\"3\" >\n\t<div class=\"modula-item-overlay\"><\/div>\n\n\t<div class=\"modula-item-content\">\n\n\t\t\t\t\n\t\t\t\t\t<a data-image-id=\"1882\" tabindex=\"0\" href=\"https:\/\/www.formentera.es\/wp-content\/uploads\/2019\/01\/Vellmari-2015.jpg\" rel=\"jtg-1873\" data-caption=\"\" aria-label=\"Open image in lightbox\" role=\"button\" data-cyclefilter=\"show\" data-fancybox=\"jtg-1873\" class=\"tile-inner modula-item-link\"><\/a>\n\t\t\n\t\t<img loading=\"lazy\" decoding=\"async\" class=\"pic wp-image-1882\"  data-valign=\"middle\" data-halign=\"center\" alt=\"\" data-full=\"https:\/\/www.formentera.es\/wp-content\/uploads\/2019\/01\/Vellmari-2015.jpg\" title=\"Vellmari 2015\" width=\"1900\" height=\"1472\" src=\"https:\/\/www.formentera.es\/wp-content\/uploads\/2019\/01\/Vellmari-2015.jpg\" data-src=\"https:\/\/www.formentera.es\/wp-content\/uploads\/2019\/01\/Vellmari-2015.jpg\" data-caption=\"\" srcset=\"https:\/\/www.formentera.es\/wp-content\/uploads\/2019\/01\/Vellmari-2015.jpg 1900w, https:\/\/www.formentera.es\/wp-content\/uploads\/2019\/01\/Vellmari-2015-300x232.jpg 300w, https:\/\/www.formentera.es\/wp-content\/uploads\/2019\/01\/Vellmari-2015-768x595.jpg 768w, https:\/\/www.formentera.es\/wp-content\/uploads\/2019\/01\/Vellmari-2015-1024x793.jpg 1024w\" sizes=\"auto, (max-width: 1900px) 100vw, 1900px\" \/>\n\t\t<div class=\"figc no-description\">\n\t\t\t<div class=\"figc-inner\">\n\t\t\t\t\t\t\t\t\t\t\t\t\t\t\t<\/div>\n\t\t<\/div>\n\n\t<\/div>\n\n<\/div><div class=\"modula-item effect-quiet jtg-filter-all jtg-filter-\" data-width=\"4\" data-height=\"3\" >\n\t<div class=\"modula-item-overlay\"><\/div>\n\n\t<div class=\"modula-item-content\">\n\n\t\t\t\t\n\t\t\t\t\t<a data-image-id=\"1880\" tabindex=\"0\" href=\"https:\/\/www.formentera.es\/wp-content\/uploads\/2019\/01\/DIVING_Amparo-Arias.jpg\" rel=\"jtg-1873\" data-caption=\"\" aria-label=\"Open image in lightbox\" role=\"button\" data-cyclefilter=\"show\" data-fancybox=\"jtg-1873\" class=\"tile-inner modula-item-link\"><\/a>\n\t\t\n\t\t<img loading=\"lazy\" decoding=\"async\" class=\"pic wp-image-1880\"  data-valign=\"middle\" data-halign=\"center\" alt=\"\" data-full=\"https:\/\/www.formentera.es\/wp-content\/uploads\/2019\/01\/DIVING_Amparo-Arias.jpg\" title=\"OLYMPUS DIGITAL CAMERA\" width=\"1900\" height=\"1425\" src=\"https:\/\/www.formentera.es\/wp-content\/uploads\/2019\/01\/DIVING_Amparo-Arias.jpg\" data-src=\"https:\/\/www.formentera.es\/wp-content\/uploads\/2019\/01\/DIVING_Amparo-Arias.jpg\" data-caption=\"OLYMPUS DIGITAL CAMERA\" srcset=\"https:\/\/www.formentera.es\/wp-content\/uploads\/2019\/01\/DIVING_Amparo-Arias.jpg 1900w, https:\/\/www.formentera.es\/wp-content\/uploads\/2019\/01\/DIVING_Amparo-Arias-300x225.jpg 300w, https:\/\/www.formentera.es\/wp-content\/uploads\/2019\/01\/DIVING_Amparo-Arias-768x576.jpg 768w, https:\/\/www.formentera.es\/wp-content\/uploads\/2019\/01\/DIVING_Amparo-Arias-1024x768.jpg 1024w\" sizes=\"auto, (max-width: 1900px) 100vw, 1900px\" \/>\n\t\t<div class=\"figc\">\n\t\t\t<div class=\"figc-inner\">\n\t\t\t\t\t\t\t\t\t\t\t\t\t\t\t<\/div>\n\t\t<\/div>\n\n\t<\/div>\n\n<\/div><div class=\"modula-item effect-quiet jtg-filter-all jtg-filter-\" data-width=\"8\" data-height=\"6\" >\n\t<div class=\"modula-item-overlay\"><\/div>\n\n\t<div class=\"modula-item-content\">\n\n\t\t\t\t\n\t\t\t\t\t<a data-image-id=\"1877\" tabindex=\"0\" href=\"https:\/\/www.formentera.es\/wp-content\/uploads\/2019\/01\/1\u00ba-RE\u0301FLEX-DAVID-PEREA.jpg\" rel=\"jtg-1873\" data-caption=\"\" aria-label=\"Open image in lightbox\" role=\"button\" data-cyclefilter=\"show\" data-fancybox=\"jtg-1873\" class=\"tile-inner modula-item-link\"><\/a>\n\t\t\n\t\t<img loading=\"lazy\" decoding=\"async\" class=\"pic wp-image-1877\"  data-valign=\"middle\" data-halign=\"center\" alt=\"\" data-full=\"https:\/\/www.formentera.es\/wp-content\/uploads\/2019\/01\/1\u00ba-RE\u0301FLEX-DAVID-PEREA.jpg\" title=\"1\u00ba RE\u0301FLEX &#8211; DAVID PEREA\" width=\"1900\" height=\"1276\" src=\"https:\/\/www.formentera.es\/wp-content\/uploads\/2019\/01\/1\u00ba-RE\u0301FLEX-DAVID-PEREA.jpg\" data-src=\"https:\/\/www.formentera.es\/wp-content\/uploads\/2019\/01\/1\u00ba-RE\u0301FLEX-DAVID-PEREA.jpg\" data-caption=\"\" srcset=\"https:\/\/www.formentera.es\/wp-content\/uploads\/2019\/01\/1\u00ba-RE\u0301FLEX-DAVID-PEREA.jpg 1900w, https:\/\/www.formentera.es\/wp-content\/uploads\/2019\/01\/1\u00ba-RE\u0301FLEX-DAVID-PEREA-300x201.jpg 300w, https:\/\/www.formentera.es\/wp-content\/uploads\/2019\/01\/1\u00ba-RE\u0301FLEX-DAVID-PEREA-768x516.jpg 768w, https:\/\/www.formentera.es\/wp-content\/uploads\/2019\/01\/1\u00ba-RE\u0301FLEX-DAVID-PEREA-1024x688.jpg 1024w\" sizes=\"auto, (max-width: 1900px) 100vw, 1900px\" \/>\n\t\t<div class=\"figc no-description\">\n\t\t\t<div class=\"figc-inner\">\n\t\t\t\t\t\t\t\t\t\t\t\t\t\t\t<\/div>\n\t\t<\/div>\n\n\t<\/div>\n\n<\/div><div class=\"modula-item effect-quiet jtg-filter-all jtg-filter-\" data-width=\"4\" data-height=\"3\" >\n\t<div class=\"modula-item-overlay\"><\/div>\n\n\t<div class=\"modula-item-content\">\n\n\t\t\t\t\n\t\t\t\t\t<a data-image-id=\"1879\" tabindex=\"0\" href=\"https:\/\/www.formentera.es\/wp-content\/uploads\/2019\/01\/3\u00ba-REFLEX-MARCEL-GUBERN.jpg\" rel=\"jtg-1873\" data-caption=\"\" aria-label=\"Open image in lightbox\" role=\"button\" data-cyclefilter=\"show\" data-fancybox=\"jtg-1873\" class=\"tile-inner modula-item-link\"><\/a>\n\t\t\n\t\t<img loading=\"lazy\" decoding=\"async\" class=\"pic wp-image-1879\"  data-valign=\"middle\" data-halign=\"center\" alt=\"\" data-full=\"https:\/\/www.formentera.es\/wp-content\/uploads\/2019\/01\/3\u00ba-REFLEX-MARCEL-GUBERN.jpg\" title=\"II Semana de la Fotografia Submarina, Formentera\" width=\"1900\" height=\"2838\" src=\"https:\/\/www.formentera.es\/wp-content\/uploads\/2019\/01\/3\u00ba-REFLEX-MARCEL-GUBERN.jpg\" data-src=\"https:\/\/www.formentera.es\/wp-content\/uploads\/2019\/01\/3\u00ba-REFLEX-MARCEL-GUBERN.jpg\" data-caption=\"II Semana de la Fotografia Submarina, Formentera\" srcset=\"https:\/\/www.formentera.es\/wp-content\/uploads\/2019\/01\/3\u00ba-REFLEX-MARCEL-GUBERN.jpg 1900w, https:\/\/www.formentera.es\/wp-content\/uploads\/2019\/01\/3\u00ba-REFLEX-MARCEL-GUBERN-201x300.jpg 201w, https:\/\/www.formentera.es\/wp-content\/uploads\/2019\/01\/3\u00ba-REFLEX-MARCEL-GUBERN-768x1147.jpg 768w, https:\/\/www.formentera.es\/wp-content\/uploads\/2019\/01\/3\u00ba-REFLEX-MARCEL-GUBERN-686x1024.jpg 686w\" sizes=\"auto, (max-width: 1900px) 100vw, 1900px\" \/>\n\t\t<div class=\"figc\">\n\t\t\t<div class=\"figc-inner\">\n\t\t\t\t\t\t\t\t\t\t\t\t\t\t\t<\/div>\n\t\t<\/div>\n\n\t<\/div>\n\n<\/div>\t\t\n\t<\/div>\n\n\t\n\t\n\t<script type=\"application\/ld+json\">\n\t{\n\t\t\"@context\": \"http:\/\/schema.org\",\n\t\t\"@type\"   : \"ImageGallery\",\n\t\t\"id\"      : \"https:\/\/www.formentera.es\/de\/entdecken-sie-formentera-im-mai\/\",\n\t\t\"url\"     : \"https:\/\/www.formentera.es\/de\/entdecken-sie-formentera-im-mai\/\"\n\t}\n\n\t<\/script>\n\n\t\n<\/div>\n[\/vc_column_text][\/vc_column][\/vc_row][vc_row full_width=&#8220;stretch_row_content&#8220; equal_height=&#8220;yes&#8220; css=&#8220;.vc_custom_1530270547786{padding-top: 80px !important;}&#8220;][vc_column][vc_column_text el_class=&#8220;h1&#8243;]<\/p>\n<h2 style=\"text-align: center;\">Andere evenementen die u mogelijk interesseren<\/h2>\n<p>[\/vc_column_text][vc_basic_grid post_type=&#8220;post&#8220; max_items=&#8220;3&#8243; orderby=&#8220;rand&#8220; item=&#8220;60&#8243; grid_id=&#8220;vc_gid:1776245544304-4dfc2339-0e74-5&#8243; taxonomies=&#8220;17&#8243;][\/vc_column][\/vc_row]<\/p>\n<\/div>","protected":false},"excerpt":{"rendered":"<p>[vc_row css=&#8220;.vc_custom_1553859652551{margin-right: 0px !important;margin-left: 0px !important;}&#8220;][vc_column width=&#8220;2\/3&#8243;][vc_column_text css=&#8220;&#8220;] ENTDECKE FORMENTERA IM FR\u00dcHLING! Kampagne mit Rabatten [&hellip;]<\/p>\n","protected":false},"author":1,"featured_media":8881,"comment_status":"closed","ping_status":"closed","sticky":false,"template":"","format":"standard","meta":{"_acf_changed":false,"footnotes":""},"categories":[1820],"tags":[],"class_list":["post-7244","post","type-post","status-publish","format-standard","hentry","category-ereignisse"],"acf":[],"yoast_head":"<!-- This site is optimized with the Yoast SEO plugin v25.5 - https:\/\/yoast.com\/wordpress\/plugins\/seo\/ -->\n<title>Formentera im Fr\u00fchling entdecken | Turismo de Formentera<\/title>\n<meta name=\"robots\" content=\"index, follow, max-snippet:-1, max-image-preview:large, max-video-preview:-1\" \/>\n<link rel=\"canonical\" href=\"https:\/\/www.formentera.es\/de\/entdecken-sie-formentera-im-mai\/\" \/>\n<meta property=\"og:locale\" content=\"de_DE\" \/>\n<meta property=\"og:type\" content=\"article\" \/>\n<meta property=\"og:title\" content=\"Formentera im Fr\u00fchling entdecken | Turismo de Formentera\" \/>\n<meta property=\"og:description\" content=\"[vc_row css=&#8220;.vc_custom_1553859652551{margin-right: 0px !important;margin-left: 0px !important;}&#8220;][vc_column width=&#8220;2\/3&#8243;][vc_column_text css=&#8220;&#8220;] ENTDECKE FORMENTERA IM FR\u00dcHLING! Kampagne mit Rabatten [&hellip;]\" \/>\n<meta property=\"og:url\" content=\"https:\/\/www.formentera.es\/de\/entdecken-sie-formentera-im-mai\/\" \/>\n<meta property=\"og:site_name\" content=\"Turismo de Formentera\" \/>\n<meta property=\"article:publisher\" content=\"https:\/\/www.facebook.com\/turismoformentera\/\" \/>\n<meta property=\"article:published_time\" content=\"2019-01-01T00:00:39+00:00\" \/>\n<meta property=\"article:modified_time\" content=\"2026-04-15T09:32:38+00:00\" \/>\n<meta property=\"og:image\" content=\"https:\/\/www.formentera.es\/wp-content\/uploads\/2019\/09\/calendario-013.jpg\" \/>\n\t<meta property=\"og:image:width\" content=\"1900\" \/>\n\t<meta property=\"og:image:height\" content=\"1267\" \/>\n\t<meta property=\"og:image:type\" content=\"image\/jpeg\" \/>\n<meta name=\"author\" content=\"fugrafic\" \/>\n<meta name=\"twitter:card\" content=\"summary_large_image\" \/>\n<meta name=\"twitter:creator\" content=\"@visitformentera\" \/>\n<meta name=\"twitter:site\" content=\"@visitformentera\" \/>\n<meta name=\"twitter:label1\" content=\"Verfasst von\" \/>\n\t<meta name=\"twitter:data1\" content=\"fugrafic\" \/>\n\t<meta name=\"twitter:label2\" content=\"Gesch\u00e4tzte Lesezeit\" \/>\n\t<meta name=\"twitter:data2\" content=\"5\u00a0Minuten\" \/>\n<script type=\"application\/ld+json\" class=\"yoast-schema-graph\">{\"@context\":\"https:\/\/schema.org\",\"@graph\":[{\"@type\":\"WebPage\",\"@id\":\"https:\/\/www.formentera.es\/de\/entdecken-sie-formentera-im-mai\/\",\"url\":\"https:\/\/www.formentera.es\/de\/entdecken-sie-formentera-im-mai\/\",\"name\":\"Formentera im Fr\u00fchling entdecken | Turismo de Formentera\",\"isPartOf\":{\"@id\":\"https:\/\/www.formentera.es\/#website\"},\"primaryImageOfPage\":{\"@id\":\"https:\/\/www.formentera.es\/de\/entdecken-sie-formentera-im-mai\/#primaryimage\"},\"image\":{\"@id\":\"https:\/\/www.formentera.es\/de\/entdecken-sie-formentera-im-mai\/#primaryimage\"},\"thumbnailUrl\":\"https:\/\/www.formentera.es\/wp-content\/uploads\/2019\/09\/calendario-013.jpg\",\"datePublished\":\"2019-01-01T00:00:39+00:00\",\"dateModified\":\"2026-04-15T09:32:38+00:00\",\"author\":{\"@id\":\"https:\/\/www.formentera.es\/#\/schema\/person\/bf060d78cf1cdf2c02f482a176b38409\"},\"breadcrumb\":{\"@id\":\"https:\/\/www.formentera.es\/de\/entdecken-sie-formentera-im-mai\/#breadcrumb\"},\"inLanguage\":\"de\",\"potentialAction\":[{\"@type\":\"ReadAction\",\"target\":[\"https:\/\/www.formentera.es\/de\/entdecken-sie-formentera-im-mai\/\"]}]},{\"@type\":\"ImageObject\",\"inLanguage\":\"de\",\"@id\":\"https:\/\/www.formentera.es\/de\/entdecken-sie-formentera-im-mai\/#primaryimage\",\"url\":\"https:\/\/www.formentera.es\/wp-content\/uploads\/2019\/09\/calendario-013.jpg\",\"contentUrl\":\"https:\/\/www.formentera.es\/wp-content\/uploads\/2019\/09\/calendario-013.jpg\",\"width\":1900,\"height\":1267},{\"@type\":\"BreadcrumbList\",\"@id\":\"https:\/\/www.formentera.es\/de\/entdecken-sie-formentera-im-mai\/#breadcrumb\",\"itemListElement\":[{\"@type\":\"ListItem\",\"position\":1,\"name\":\"Portada\",\"item\":\"https:\/\/www.formentera.es\/de\/\"},{\"@type\":\"ListItem\",\"position\":2,\"name\":\"Formentera im Fr\u00fchling entdecken\"}]},{\"@type\":\"WebSite\",\"@id\":\"https:\/\/www.formentera.es\/#website\",\"url\":\"https:\/\/www.formentera.es\/\",\"name\":\"Turismo de Formentera\",\"description\":\"Web oficial de Turismo de Formentera\",\"potentialAction\":[{\"@type\":\"SearchAction\",\"target\":{\"@type\":\"EntryPoint\",\"urlTemplate\":\"https:\/\/www.formentera.es\/?s={search_term_string}\"},\"query-input\":{\"@type\":\"PropertyValueSpecification\",\"valueRequired\":true,\"valueName\":\"search_term_string\"}}],\"inLanguage\":\"de\"},{\"@type\":\"Person\",\"@id\":\"https:\/\/www.formentera.es\/#\/schema\/person\/bf060d78cf1cdf2c02f482a176b38409\",\"name\":\"fugrafic\",\"image\":{\"@type\":\"ImageObject\",\"inLanguage\":\"de\",\"@id\":\"https:\/\/www.formentera.es\/#\/schema\/person\/image\/\",\"url\":\"https:\/\/secure.gravatar.com\/avatar\/2f4071817a97d2499c5aae9674ee15015b5a3c7c0974ca84f095a8e4aadcda56?s=96&d=mm&r=g\",\"contentUrl\":\"https:\/\/secure.gravatar.com\/avatar\/2f4071817a97d2499c5aae9674ee15015b5a3c7c0974ca84f095a8e4aadcda56?s=96&d=mm&r=g\",\"caption\":\"fugrafic\"}}]}<\/script>\n<!-- \/ Yoast SEO plugin. -->","yoast_head_json":{"title":"Formentera im Fr\u00fchling entdecken | Turismo de Formentera","robots":{"index":"index","follow":"follow","max-snippet":"max-snippet:-1","max-image-preview":"max-image-preview:large","max-video-preview":"max-video-preview:-1"},"canonical":"https:\/\/www.formentera.es\/de\/entdecken-sie-formentera-im-mai\/","og_locale":"de_DE","og_type":"article","og_title":"Formentera im Fr\u00fchling entdecken | Turismo de Formentera","og_description":"[vc_row css=&#8220;.vc_custom_1553859652551{margin-right: 0px !important;margin-left: 0px !important;}&#8220;][vc_column width=&#8220;2\/3&#8243;][vc_column_text css=&#8220;&#8220;] ENTDECKE FORMENTERA IM FR\u00dcHLING! Kampagne mit Rabatten [&hellip;]","og_url":"https:\/\/www.formentera.es\/de\/entdecken-sie-formentera-im-mai\/","og_site_name":"Turismo de Formentera","article_publisher":"https:\/\/www.facebook.com\/turismoformentera\/","article_published_time":"2019-01-01T00:00:39+00:00","article_modified_time":"2026-04-15T09:32:38+00:00","og_image":[{"width":1900,"height":1267,"url":"https:\/\/www.formentera.es\/wp-content\/uploads\/2019\/09\/calendario-013.jpg","type":"image\/jpeg"}],"author":"fugrafic","twitter_card":"summary_large_image","twitter_creator":"@visitformentera","twitter_site":"@visitformentera","twitter_misc":{"Verfasst von":"fugrafic","Gesch\u00e4tzte Lesezeit":"5\u00a0Minuten"},"schema":{"@context":"https:\/\/schema.org","@graph":[{"@type":"WebPage","@id":"https:\/\/www.formentera.es\/de\/entdecken-sie-formentera-im-mai\/","url":"https:\/\/www.formentera.es\/de\/entdecken-sie-formentera-im-mai\/","name":"Formentera im Fr\u00fchling entdecken | Turismo de Formentera","isPartOf":{"@id":"https:\/\/www.formentera.es\/#website"},"primaryImageOfPage":{"@id":"https:\/\/www.formentera.es\/de\/entdecken-sie-formentera-im-mai\/#primaryimage"},"image":{"@id":"https:\/\/www.formentera.es\/de\/entdecken-sie-formentera-im-mai\/#primaryimage"},"thumbnailUrl":"https:\/\/www.formentera.es\/wp-content\/uploads\/2019\/09\/calendario-013.jpg","datePublished":"2019-01-01T00:00:39+00:00","dateModified":"2026-04-15T09:32:38+00:00","author":{"@id":"https:\/\/www.formentera.es\/#\/schema\/person\/bf060d78cf1cdf2c02f482a176b38409"},"breadcrumb":{"@id":"https:\/\/www.formentera.es\/de\/entdecken-sie-formentera-im-mai\/#breadcrumb"},"inLanguage":"de","potentialAction":[{"@type":"ReadAction","target":["https:\/\/www.formentera.es\/de\/entdecken-sie-formentera-im-mai\/"]}]},{"@type":"ImageObject","inLanguage":"de","@id":"https:\/\/www.formentera.es\/de\/entdecken-sie-formentera-im-mai\/#primaryimage","url":"https:\/\/www.formentera.es\/wp-content\/uploads\/2019\/09\/calendario-013.jpg","contentUrl":"https:\/\/www.formentera.es\/wp-content\/uploads\/2019\/09\/calendario-013.jpg","width":1900,"height":1267},{"@type":"BreadcrumbList","@id":"https:\/\/www.formentera.es\/de\/entdecken-sie-formentera-im-mai\/#breadcrumb","itemListElement":[{"@type":"ListItem","position":1,"name":"Portada","item":"https:\/\/www.formentera.es\/de\/"},{"@type":"ListItem","position":2,"name":"Formentera im Fr\u00fchling entdecken"}]},{"@type":"WebSite","@id":"https:\/\/www.formentera.es\/#website","url":"https:\/\/www.formentera.es\/","name":"Turismo de Formentera","description":"Web oficial de Turismo de Formentera","potentialAction":[{"@type":"SearchAction","target":{"@type":"EntryPoint","urlTemplate":"https:\/\/www.formentera.es\/?s={search_term_string}"},"query-input":{"@type":"PropertyValueSpecification","valueRequired":true,"valueName":"search_term_string"}}],"inLanguage":"de"},{"@type":"Person","@id":"https:\/\/www.formentera.es\/#\/schema\/person\/bf060d78cf1cdf2c02f482a176b38409","name":"fugrafic","image":{"@type":"ImageObject","inLanguage":"de","@id":"https:\/\/www.formentera.es\/#\/schema\/person\/image\/","url":"https:\/\/secure.gravatar.com\/avatar\/2f4071817a97d2499c5aae9674ee15015b5a3c7c0974ca84f095a8e4aadcda56?s=96&d=mm&r=g","contentUrl":"https:\/\/secure.gravatar.com\/avatar\/2f4071817a97d2499c5aae9674ee15015b5a3c7c0974ca84f095a8e4aadcda56?s=96&d=mm&r=g","caption":"fugrafic"}}]}},"_links":{"self":[{"href":"https:\/\/www.formentera.es\/de\/wp-json\/wp\/v2\/posts\/7244","targetHints":{"allow":["GET"]}}],"collection":[{"href":"https:\/\/www.formentera.es\/de\/wp-json\/wp\/v2\/posts"}],"about":[{"href":"https:\/\/www.formentera.es\/de\/wp-json\/wp\/v2\/types\/post"}],"author":[{"embeddable":true,"href":"https:\/\/www.formentera.es\/de\/wp-json\/wp\/v2\/users\/1"}],"replies":[{"embeddable":true,"href":"https:\/\/www.formentera.es\/de\/wp-json\/wp\/v2\/comments?post=7244"}],"version-history":[{"count":8,"href":"https:\/\/www.formentera.es\/de\/wp-json\/wp\/v2\/posts\/7244\/revisions"}],"predecessor-version":[{"id":56628,"href":"https:\/\/www.formentera.es\/de\/wp-json\/wp\/v2\/posts\/7244\/revisions\/56628"}],"wp:featuredmedia":[{"embeddable":true,"href":"https:\/\/www.formentera.es\/de\/wp-json\/wp\/v2\/media\/8881"}],"wp:attachment":[{"href":"https:\/\/www.formentera.es\/de\/wp-json\/wp\/v2\/media?parent=7244"}],"wp:term":[{"taxonomy":"category","embeddable":true,"href":"https:\/\/www.formentera.es\/de\/wp-json\/wp\/v2\/categories?post=7244"},{"taxonomy":"post_tag","embeddable":true,"href":"https:\/\/www.formentera.es\/de\/wp-json\/wp\/v2\/tags?post=7244"}],"curies":[{"name":"wp","href":"https:\/\/api.w.org\/{rel}","templated":true}]}}