{"id":7123,"date":"2019-01-01T10:00:08","date_gmt":"2019-01-01T09:00:08","guid":{"rendered":"https:\/\/www.formentera.es\/verano\/"},"modified":"2026-02-03T10:23:49","modified_gmt":"2026-02-03T09:23:49","slug":"formentera-a-lestiu","status":"publish","type":"post","link":"https:\/\/www.formentera.es\/ca\/formentera-a-lestiu\/","title":{"rendered":"Formentera a l&#8217;estiu"},"content":{"rendered":"<div class=\"wpb-content-wrapper\"><p>[vc_row css=&#8221;.vc_custom_1553860347916{margin-right: 0px !important;margin-left: 0px !important;}&#8221;][vc_column width=&#8221;2\/3&#8243;][vc_column_text css=&#8221;&#8221;]Aquest estiu a Formentera t&#8217;esperen platges de sorra fina amb aig\u00fces d&#8217;un blau caracter\u00edstic que enamora a primer cop d&#8217;ull. Tamb\u00e9 trobar\u00e0s racons meravellosos on desconnectar, dos fars m\u00e0gics, natura salvatge i mediterr\u00e0nia&#8230; Si a m\u00e9s de gaudir de la natura, et ve de gust gaudir de la cultura o l&#8217;esport, aqu\u00ed tens un munt d&#8217;esdeveniments que t&#8217;interessar\u00e0 con\u00e8ixer.<\/p>\n<p><strong>M\u00fasica a les places: <\/strong><\/p>\n<ul>\n<li>Dilluns al Port: Dilluns a les 22.00h al Passeig de la Marina a La Savina. Des del 17 de juny fins al 16 de setembre.<\/li>\n<li>Dimarts a La Mola: Dimarts a les 22.00h a la Pla\u00e7a de l&#8217;Esgl\u00e9sia del Pilar de La Mola. Des del 18 de juny fins al 24 de setembre.<\/li>\n<li>World Music: Dijous a les 22:30h a la Pla\u00e7a d\u2019Europa d&#8217;Es Pujols. Des del 20 de juny fins al 26 de setembre.<\/li>\n<li>M\u00fasica en viu: Divendres a les 22.00h a la Pla\u00e7a de l&#8217;Esgl\u00e9sia de Sant Ferran de ses Roques. Des del 21 de juny fins al 27 de setembre.<\/li>\n<li>Jazz a la pla\u00e7a: Dissabtes a les 22.00 h a la Pla\u00e7a de la Constituci\u00f3 de Sant Francesc Xavier. Des del 22 de juny fins al 28 de setembre.<\/li>\n<\/ul>\n<p><strong>Mercats d&#8217;art i artesania<\/strong><\/p>\n<ul>\n<li>Mercat artes\u00e0 de La Mola: Dimecres i diumenges de 16:00 a 22:00h al Pilar de la Mola.<\/li>\n<li>Mercat de Sant Francesc: Dilluns a diumenge de 10:00 a 14:00h. Dilluns i dimarts (nom\u00e9s juliol i agost) tamb\u00e9 de 20:00 a 00:00h.<\/li>\n<li>Mercat d&#8217;Es Pujols : Dilluns a diumenge de 19:00 a 00:00 hores.<\/li>\n<li>Mercat artesanal de Sant Ferran: Dijous. divendres i dissabtes de 20:30 a 00.00 h.<\/li>\n<li>Mercat art\u00edstic de Sant Ferran: Dijous. divendres i dissabtes de 20:30 a 00.00 h.<\/li>\n<li>Mercat de La Savina : Dilluns a diumenge de 10:00 a 01:00 hores.<\/li>\n<li>Mercat de segona m\u00e0: Dimarts i dissabtes de 11:00 a 14:00h durant tot l&#8217;any al Jard\u00ed de Ses Eres, a Sant Francesc Xavier.<\/li>\n<\/ul>\n<p><strong>Cinema a la fresca (a partir de juliol):<\/strong><\/p>\n<ul>\n<li>Dimarts a Sant Francesc a les 22.00 h al Jard\u00ed de Ses Eres.<\/li>\n<li>Dijous a Sant Ferran a les 22.00 h a la Pla\u00e7a de l&#8217;esgl\u00e9sia<\/li>\n<li>Divendres al Pilar de la Mola, a les 22.00 h a la Casa del poble<\/li>\n<\/ul>\n<p><strong>Festes populars i esdeveniments especials:<\/strong><\/p>\n<ul>\n<li>Dia del Carme: 16 de juliol<\/li>\n<li>Sant Jaume: 25 de juliol<\/li>\n<li>Santa Maria: 5 d&#8217;agost<\/li>\n<\/ul>\n<p><strong>I a m\u00e9s, a m\u00e9s:<\/strong><\/p>\n<ul>\n<li>Agenda completa amb tots els esdeveniments:\u00a0<a href=\"https:\/\/www.formentera.es\/agenda\/\">https:\/\/www.formentera.es\/agenda\/<\/a><\/li>\n<li>Estat de les platges: Si vols con\u00e8ixer l&#8217;estat de les platges (banderes i meduses) a partir de les 11.30 h.: <a href=\"http:\/\/www.platgesdebalears.com\/caplaibFront\/portada_isla.es.jsp?cIsl=FO\">http:\/\/www.platgesdebalears.com\/caplaibFront\/portada_isla.es.jsp?cIsl=FO<\/a><\/li>\n<li>Informaci\u00f3 tur\u00edstica directa via Whatsapp, de dilluns a divendres de 8.00 a 15.00 h. Afegeix el nostre n\u00famero als teus contacte i consulta&#8217;ns: +34 607 11 17 16<\/li>\n<li>Guia de platges i cat\u00e0legs de rutes verdes: <a href=\"https:\/\/www.formentera.es\/ca\/planifica-el-viatge\/fullets-mapes-i-guies\/\">https:\/\/www.formentera.es\/ca\/planifica-el-viatge\/fullets-mapes-i-guies\/<\/a><\/li>\n<\/ul>\n<p>[\/vc_column_text][\/vc_column][vc_column width=&#8221;1\/3&#8243;][vc_column_text]<div id=\"sidebar_ficha\"><div class=\"spost\"><div class=\"tag\">Estiu<\/div><\/div><div class=\"bloc_share\"><div class=\"tit_medium\">Compartir <\/div><div class=\"redes_ficha\"><div class=\"fa fa fa-brands fa-x-twitter st-custom-button\" data-network=\"twitter\"><\/div><div class=\"fa fa-facebook st-custom-button\" data-network=\"facebook\"><\/div><div class=\"fa fa-pinterest-p st-custom-button\" data-network=\"pinterest\"><\/div><\/div><div class=\"tit_medium\">Enviar a un amic<\/div><div class=\"redes_ficha\"><div class=\"fa fa-envelope st-custom-button\" data-network=\"email\"><\/div><div class=\"fa fa-whatsapp st-custom-button\" data-network=\"whatsapp\"><\/div><\/div><\/div><\/div>[\/vc_column_text][\/vc_column][\/vc_row][vc_row full_width=&#8221;stretch_row_content_no_spaces&#8221;][vc_column][vc_column_text]<style>#jtg-7108 .modula-item .jtg-social a, .lightbox-socials.jtg-social a{ fill: #ffffff; color: #ffffff }#jtg-7108 .modula-item .jtg-social-mobile a{ fill: #ffffff; color: #ffffff }#jtg-7108 .modula-item .jtg-social svg, .lightbox-socials.jtg-social svg { height: 16px; width: 16px }#jtg-7108 .modula-item .jtg-social-mobile svg { height: 16px; width: 16px }#jtg-7108 .modula-item .jtg-social a:not(:last-child), .lightbox-socials.jtg-social a:not(:last-child) { margin-right: 10px }#jtg-7108 .modula-item .jtg-social-mobile .jtg-social-mobile-icons a:not(:last-child){ margin-right: 10px }#jtg-7108 .modula-item .figc {color:#ffffff;}#jtg-7108 .modula-item .modula-item-content { transform: scale(1) }#jtg-7108 .modula-items .figc p.description { font-size:14px; }#jtg-7108 .modula-items .figc p.description { color:#ffffff;}#jtg-7108.modula-gallery .modula-item > a, #jtg-7108.modula-gallery .modula-item, #jtg-7108.modula-gallery .modula-item-content > a:not(.modula-no-follow) { cursor:zoom-in; } #jtg-7108.modula-gallery .modula-item-content .modula-no-follow { cursor: default; } #jtg-7108 .modula-item { background-color:#000000; }#jtg-7108 .modula-item:hover img { opacity: 0.5; }#jtg-7108 .modula-item { transform: scale(1) translate(0px,0px) rotate(0deg); }@media screen and (max-width:480px){#jtg-7108 .modula-item .figc .jtg-title {  font-size: 12px; }#jtg-7108 .modula-items .figc p.description { color:#ffffff;font-size:10px; }}<\/style>\n<div  id=\"jtg-7108\" class=\"modula modula-gallery modula-custom-grid\" data-config=\"{&quot;height&quot;:800,&quot;tabletHeight&quot;:800,&quot;mobileHeight&quot;:800,&quot;desktopHeight&quot;:800,&quot;enableTwitter&quot;:false,&quot;enableWhatsapp&quot;:false,&quot;enableFacebook&quot;:false,&quot;enablePinterest&quot;:false,&quot;enableLinkedin&quot;:false,&quot;enableEmail&quot;:false,&quot;randomFactor&quot;:0.5,&quot;type&quot;:&quot;custom-grid&quot;,&quot;columns&quot;:12,&quot;gutter&quot;:10,&quot;mobileGutter&quot;:10,&quot;tabletGutter&quot;:10,&quot;desktopGutter&quot;:10,&quot;enableResponsive&quot;:true,&quot;tabletColumns&quot;:2,&quot;mobileColumns&quot;:1,&quot;lazyLoad&quot;:&quot;0&quot;,&quot;lightboxOpts&quot;:{&quot;animated&quot;:true,&quot;Thumbs&quot;:{&quot;type&quot;:&quot;modern&quot;,&quot;showOnStart&quot;:false},&quot;Toolbar&quot;:{&quot;display&quot;:{&quot;right&quot;:[&quot;close&quot;]},&quot;enabled&quot;:true},&quot;Carousel&quot;:{&quot;Panzoom&quot;:{&quot;touch&quot;:false},&quot;infinite&quot;:false},&quot;keyboard&quot;:{&quot;Escape&quot;:&quot;close&quot;,&quot;Delete&quot;:&quot;close&quot;,&quot;Backspace&quot;:&quot;close&quot;,&quot;PageUp&quot;:false,&quot;PageDown&quot;:false,&quot;ArrowUp&quot;:false,&quot;ArrowDown&quot;:false,&quot;ArrowRight&quot;:false,&quot;ArrowLeft&quot;:false},&quot;touch&quot;:false,&quot;backdropClick&quot;:false,&quot;l10n&quot;:{&quot;CLOSE&quot;:&quot;Close&quot;,&quot;NEXT&quot;:&quot;Next&quot;,&quot;PREV&quot;:&quot;Previous&quot;,&quot;Error&quot;:&quot;The requested content cannot be loaded. Please try again later.&quot;,&quot;PLAY_START&quot;:&quot;Start slideshow&quot;,&quot;PLAY_STOP&quot;:&quot;Pause slideshow&quot;,&quot;FULL_SCREEN&quot;:&quot;Full screen&quot;,&quot;THUMBS&quot;:&quot;Thumbnails&quot;,&quot;DOWNLOAD&quot;:&quot;Download&quot;,&quot;SHARE&quot;:&quot;Share&quot;,&quot;ZOOM&quot;:&quot;Zoom&quot;,&quot;EMAIL&quot;:&quot;Here is the link to the image : %%image_link%% and this is the link to the gallery : %%gallery_link%%&quot;,&quot;MODAL&quot;:&quot;You can close this modal content with the ESC key&quot;,&quot;ERROR&quot;:&quot;Something Went Wrong, Please Try Again Later&quot;,&quot;IMAGE_ERROR&quot;:&quot;Image Not Found&quot;,&quot;ELEMENT_NOT_FOUND&quot;:&quot;HTML Element Not Found&quot;,&quot;AJAX_NOT_FOUND&quot;:&quot;Error Loading AJAX : Not Found&quot;,&quot;AJAX_FORBIDDEN&quot;:&quot;Error Loading AJAX : Forbidden&quot;,&quot;IFRAME_ERROR&quot;:&quot;Error Loading Page&quot;,&quot;TOGGLE_ZOOM&quot;:&quot;Toggle zoom level&quot;,&quot;TOGGLE_THUMBS&quot;:&quot;Toggle thumbnails&quot;,&quot;TOGGLE_SLIDESHOW&quot;:&quot;Toggle slideshow&quot;,&quot;TOGGLE_FULLSCREEN&quot;:&quot;Toggle full-screen mode&quot;},&quot;Images&quot;:{&quot;Panzoom&quot;:{&quot;maxScale&quot;:2}},&quot;mainClass&quot;:&quot;modula-fancybox-container modula-lightbox-jtg-7108&quot;,&quot;Html&quot;:{&quot;videoAutoplay&quot;:0,&quot;videoTpl&quot;:&quot;&lt;video class=\\&quot;fancybox__html5video\\&quot; controls muted playsinline controlsList controlsList=\\&quot;nodownload\\&quot; poster=\\&quot;{{poster}}\\&quot; src=\\&quot;{{src}}\\&quot; type=\\&quot;{{format}}\\&quot; &gt;  Sorry, your browser doesn&#039;t support embedded videos, &lt;a href=\\&quot;{{src}}\\&quot;&gt; download &lt;\\\/a&gt; and watch with your favorite video player! &lt;\\\/video&gt;&quot;}},&quot;inView&quot;:false,&quot;email_subject&quot;:&quot;\\u00a1\\u00a1Mira esta impresionante imagen!!&quot;,&quot;email_message&quot;:&quot;Este es el enlace a la imagen: %%image_link%% y este es el enlace a la galer\\u00eda: %%gallery_link%%&quot;,&quot;lightbox&quot;:&quot;fancybox&quot;,&quot;filterClick&quot;:&quot;0&quot;,&quot;defaultActiveFilter&quot;:&quot;all&quot;}\">\n\n\t\n\t<div  class=\"modula-items\">\n\t\t<div class=\"modula-item effect-quiet jtg-filter-all jtg-filter-\" data-width=\"6\" data-height=\"7\" >\n\t<div class=\"modula-item-overlay\"><\/div>\n\n\t<div class=\"modula-item-content\">\n\n\t\t\t\t\n\t\t\t\t\t<a data-image-id=\"7115\" tabindex=\"0\" href=\"https:\/\/www.formentera.es\/wp-content\/uploads\/2019\/05\/150-SantJaume2016_Catarres_03_net.jpg\" rel=\"jtg-7108\" data-caption=\"\" aria-label=\"Open image in lightbox\" role=\"button\" data-cyclefilter=\"show\" data-fancybox=\"jtg-7108\" class=\"tile-inner modula-item-link\"><\/a>\n\t\t\n\t\t<img loading=\"lazy\" decoding=\"async\" class=\"pic wp-image-7115\"  data-valign=\"middle\" data-halign=\"center\" alt=\"\" data-full=\"https:\/\/www.formentera.es\/wp-content\/uploads\/2019\/05\/150-SantJaume2016_Catarres_03_net.jpg\" title=\"150 SantJaume2016_Catarres_03_net\" width=\"1900\" height=\"1267\" src=\"https:\/\/www.formentera.es\/wp-content\/uploads\/2019\/05\/150-SantJaume2016_Catarres_03_net.jpg\" data-src=\"https:\/\/www.formentera.es\/wp-content\/uploads\/2019\/05\/150-SantJaume2016_Catarres_03_net.jpg\" data-caption=\"\" srcset=\"https:\/\/www.formentera.es\/wp-content\/uploads\/2019\/05\/150-SantJaume2016_Catarres_03_net.jpg 1900w, https:\/\/www.formentera.es\/wp-content\/uploads\/2019\/05\/150-SantJaume2016_Catarres_03_net-300x200.jpg 300w, https:\/\/www.formentera.es\/wp-content\/uploads\/2019\/05\/150-SantJaume2016_Catarres_03_net-768x512.jpg 768w, https:\/\/www.formentera.es\/wp-content\/uploads\/2019\/05\/150-SantJaume2016_Catarres_03_net-1024x683.jpg 1024w\" sizes=\"auto, (max-width: 1900px) 100vw, 1900px\" \/>\n\t\t<div class=\"figc no-description\">\n\t\t\t<div class=\"figc-inner\">\n\t\t\t\t\t\t\t\t\t\t\t\t\t\t\t<\/div>\n\t\t<\/div>\n\n\t<\/div>\n\n<\/div><div class=\"modula-item effect-quiet jtg-filter-all jtg-filter-\" data-width=\"6\" data-height=\"3\" >\n\t<div class=\"modula-item-overlay\"><\/div>\n\n\t<div class=\"modula-item-content\">\n\n\t\t\t\t\n\t\t\t\t\t<a data-image-id=\"7109\" tabindex=\"0\" href=\"https:\/\/www.formentera.es\/wp-content\/uploads\/2019\/05\/150-santjaume2016_03_net.jpg\" rel=\"jtg-7108\" data-caption=\"\" aria-label=\"Open image in lightbox\" role=\"button\" data-cyclefilter=\"show\" data-fancybox=\"jtg-7108\" class=\"tile-inner modula-item-link\"><\/a>\n\t\t\n\t\t<img loading=\"lazy\" decoding=\"async\" class=\"pic wp-image-7109\"  data-valign=\"middle\" data-halign=\"center\" alt=\"\" data-full=\"https:\/\/www.formentera.es\/wp-content\/uploads\/2019\/05\/150-santjaume2016_03_net.jpg\" title=\"150 santjaume2016_03_net\" width=\"1900\" height=\"1267\" src=\"https:\/\/www.formentera.es\/wp-content\/uploads\/2019\/05\/150-santjaume2016_03_net.jpg\" data-src=\"https:\/\/www.formentera.es\/wp-content\/uploads\/2019\/05\/150-santjaume2016_03_net.jpg\" data-caption=\"\" srcset=\"https:\/\/www.formentera.es\/wp-content\/uploads\/2019\/05\/150-santjaume2016_03_net.jpg 1900w, https:\/\/www.formentera.es\/wp-content\/uploads\/2019\/05\/150-santjaume2016_03_net-300x200.jpg 300w, https:\/\/www.formentera.es\/wp-content\/uploads\/2019\/05\/150-santjaume2016_03_net-768x512.jpg 768w, https:\/\/www.formentera.es\/wp-content\/uploads\/2019\/05\/150-santjaume2016_03_net-1024x683.jpg 1024w\" sizes=\"auto, (max-width: 1900px) 100vw, 1900px\" \/>\n\t\t<div class=\"figc no-description\">\n\t\t\t<div class=\"figc-inner\">\n\t\t\t\t\t\t\t\t\t\t\t\t\t\t\t<\/div>\n\t\t<\/div>\n\n\t<\/div>\n\n<\/div><div class=\"modula-item effect-quiet jtg-filter-all jtg-filter-\" data-width=\"6\" data-height=\"4\" >\n\t<div class=\"modula-item-overlay\"><\/div>\n\n\t<div class=\"modula-item-content\">\n\n\t\t\t\t\n\t\t\t\t\t<a data-image-id=\"7095\" tabindex=\"0\" href=\"https:\/\/www.formentera.es\/wp-content\/uploads\/2019\/05\/150-santjaume2016_09_elenamarco-copia.jpg\" rel=\"jtg-7108\" data-caption=\"\" aria-label=\"Open image in lightbox\" role=\"button\" data-cyclefilter=\"show\" data-fancybox=\"jtg-7108\" class=\"tile-inner modula-item-link\"><\/a>\n\t\t\n\t\t<img loading=\"lazy\" decoding=\"async\" class=\"pic wp-image-7095\"  data-valign=\"middle\" data-halign=\"center\" alt=\"\" data-full=\"https:\/\/www.formentera.es\/wp-content\/uploads\/2019\/05\/150-santjaume2016_09_elenamarco-copia.jpg\" title=\"150 santjaume2016_09_elenamarco copia\" width=\"1900\" height=\"1267\" src=\"https:\/\/www.formentera.es\/wp-content\/uploads\/2019\/05\/150-santjaume2016_09_elenamarco-copia.jpg\" data-src=\"https:\/\/www.formentera.es\/wp-content\/uploads\/2019\/05\/150-santjaume2016_09_elenamarco-copia.jpg\" data-caption=\"\" srcset=\"https:\/\/www.formentera.es\/wp-content\/uploads\/2019\/05\/150-santjaume2016_09_elenamarco-copia.jpg 1900w, https:\/\/www.formentera.es\/wp-content\/uploads\/2019\/05\/150-santjaume2016_09_elenamarco-copia-300x200.jpg 300w, https:\/\/www.formentera.es\/wp-content\/uploads\/2019\/05\/150-santjaume2016_09_elenamarco-copia-768x512.jpg 768w, https:\/\/www.formentera.es\/wp-content\/uploads\/2019\/05\/150-santjaume2016_09_elenamarco-copia-1024x683.jpg 1024w\" sizes=\"auto, (max-width: 1900px) 100vw, 1900px\" \/>\n\t\t<div class=\"figc no-description\">\n\t\t\t<div class=\"figc-inner\">\n\t\t\t\t\t\t\t\t\t\t\t\t\t\t\t<\/div>\n\t\t<\/div>\n\n\t<\/div>\n\n<\/div>\t\t\n\t<\/div>\n\n\t\n\t\n\t<script type=\"application\/ld+json\">\n\t{\n\t\t\"@context\": \"http:\/\/schema.org\",\n\t\t\"@type\"   : \"ImageGallery\",\n\t\t\"id\"      : \"https:\/\/www.formentera.es\/ca\/formentera-a-lestiu\/\",\n\t\t\"url\"     : \"https:\/\/www.formentera.es\/ca\/formentera-a-lestiu\/\"\n\t}\n\n\t<\/script>\n\n\t\n<\/div>\n[\/vc_column_text][\/vc_column][\/vc_row][vc_row full_width=&#8221;stretch_row_content&#8221; equal_height=&#8221;yes&#8221; css=&#8221;.vc_custom_1530270547786{padding-top: 80px !important;}&#8221;][vc_column][vc_column_text el_class=&#8221;h1&#8243;]<\/p>\n<h2 style=\"text-align: center;\">Altres esdeveniments que et poden interessar<\/h2>\n<p>[\/vc_column_text][vc_basic_grid post_type=&#8221;post&#8221; max_items=&#8221;3&#8243; orderby=&#8221;rand&#8221; item=&#8221;60&#8243; grid_id=&#8221;vc_gid:1770110603441-1ef0fcfe-e76a-2&#8243; taxonomies=&#8221;17&#8243; exclude=&#8221;7091&#8243;][\/vc_column][\/vc_row][vc_row][vc_column][vc_column_text]<\/p>\n<p>[\/vc_column_text][\/vc_column][\/vc_row]<\/p>\n<\/div>","protected":false},"excerpt":{"rendered":"<p>[vc_row css=&#8221;.vc_custom_1553860347916{margin-right: 0px !important;margin-left: 0px !important;}&#8221;][vc_column width=&#8221;2\/3&#8243;][vc_column_text css=&#8221;&#8221;]Aquest estiu a Formentera t&#8217;esperen platges de sorra [&hellip;]<\/p>\n","protected":false},"author":1,"featured_media":7102,"comment_status":"closed","ping_status":"closed","sticky":false,"template":"","format":"standard","meta":{"_acf_changed":false,"footnotes":""},"categories":[342],"tags":[],"class_list":["post-7123","post","type-post","status-publish","format-standard","hentry","category-esdeveniments"],"acf":[],"yoast_head":"<!-- This site is optimized with the Yoast SEO plugin v25.5 - https:\/\/yoast.com\/wordpress\/plugins\/seo\/ -->\n<title>Formentera a l&#039;estiu | Turismo de Formentera<\/title>\n<meta name=\"robots\" content=\"index, follow, max-snippet:-1, max-image-preview:large, max-video-preview:-1\" \/>\n<link rel=\"canonical\" href=\"https:\/\/www.formentera.es\/ca\/formentera-a-lestiu\/\" \/>\n<meta property=\"og:locale\" content=\"ca_ES\" \/>\n<meta property=\"og:type\" content=\"article\" \/>\n<meta property=\"og:title\" content=\"Formentera a l&#039;estiu | Turismo de Formentera\" \/>\n<meta property=\"og:description\" content=\"[vc_row css=&#8221;.vc_custom_1553860347916{margin-right: 0px !important;margin-left: 0px !important;}&#8221;][vc_column width=&#8221;2\/3&#8243;][vc_column_text css=&#8221;&#8221;]Aquest estiu a Formentera t&#8217;esperen platges de sorra [&hellip;]\" \/>\n<meta property=\"og:url\" content=\"https:\/\/www.formentera.es\/ca\/formentera-a-lestiu\/\" \/>\n<meta property=\"og:site_name\" content=\"Turismo de Formentera\" \/>\n<meta property=\"article:publisher\" content=\"https:\/\/www.facebook.com\/turismoformentera\/\" \/>\n<meta property=\"article:published_time\" content=\"2019-01-01T09:00:08+00:00\" \/>\n<meta property=\"article:modified_time\" content=\"2026-02-03T09:23:49+00:00\" \/>\n<meta property=\"og:image\" content=\"https:\/\/www.formentera.es\/wp-content\/uploads\/2019\/05\/150-santjaume2016_net.jpg\" \/>\n\t<meta property=\"og:image:width\" content=\"1900\" \/>\n\t<meta property=\"og:image:height\" content=\"1267\" \/>\n\t<meta property=\"og:image:type\" content=\"image\/jpeg\" \/>\n<meta name=\"author\" content=\"fugrafic\" \/>\n<meta name=\"twitter:card\" content=\"summary_large_image\" \/>\n<meta name=\"twitter:creator\" content=\"@visitformentera\" \/>\n<meta name=\"twitter:site\" content=\"@visitformentera\" \/>\n<meta name=\"twitter:label1\" content=\"Escrit per\" \/>\n\t<meta name=\"twitter:data1\" content=\"fugrafic\" \/>\n\t<meta name=\"twitter:label2\" content=\"Temps estimat de lectura\" \/>\n\t<meta name=\"twitter:data2\" content=\"3 minuts\" \/>\n<script type=\"application\/ld+json\" class=\"yoast-schema-graph\">{\"@context\":\"https:\/\/schema.org\",\"@graph\":[{\"@type\":\"WebPage\",\"@id\":\"https:\/\/www.formentera.es\/ca\/formentera-a-lestiu\/\",\"url\":\"https:\/\/www.formentera.es\/ca\/formentera-a-lestiu\/\",\"name\":\"Formentera a l'estiu | Turismo de Formentera\",\"isPartOf\":{\"@id\":\"https:\/\/www.formentera.es\/#website\"},\"primaryImageOfPage\":{\"@id\":\"https:\/\/www.formentera.es\/ca\/formentera-a-lestiu\/#primaryimage\"},\"image\":{\"@id\":\"https:\/\/www.formentera.es\/ca\/formentera-a-lestiu\/#primaryimage\"},\"thumbnailUrl\":\"https:\/\/www.formentera.es\/wp-content\/uploads\/2019\/05\/150-santjaume2016_net.jpg\",\"datePublished\":\"2019-01-01T09:00:08+00:00\",\"dateModified\":\"2026-02-03T09:23:49+00:00\",\"author\":{\"@id\":\"https:\/\/www.formentera.es\/#\/schema\/person\/bf060d78cf1cdf2c02f482a176b38409\"},\"breadcrumb\":{\"@id\":\"https:\/\/www.formentera.es\/ca\/formentera-a-lestiu\/#breadcrumb\"},\"inLanguage\":\"ca\",\"potentialAction\":[{\"@type\":\"ReadAction\",\"target\":[\"https:\/\/www.formentera.es\/ca\/formentera-a-lestiu\/\"]}]},{\"@type\":\"ImageObject\",\"inLanguage\":\"ca\",\"@id\":\"https:\/\/www.formentera.es\/ca\/formentera-a-lestiu\/#primaryimage\",\"url\":\"https:\/\/www.formentera.es\/wp-content\/uploads\/2019\/05\/150-santjaume2016_net.jpg\",\"contentUrl\":\"https:\/\/www.formentera.es\/wp-content\/uploads\/2019\/05\/150-santjaume2016_net.jpg\",\"width\":1900,\"height\":1267},{\"@type\":\"BreadcrumbList\",\"@id\":\"https:\/\/www.formentera.es\/ca\/formentera-a-lestiu\/#breadcrumb\",\"itemListElement\":[{\"@type\":\"ListItem\",\"position\":1,\"name\":\"Portada\",\"item\":\"https:\/\/www.formentera.es\/ca\/\"},{\"@type\":\"ListItem\",\"position\":2,\"name\":\"Formentera a l&#8217;estiu\"}]},{\"@type\":\"WebSite\",\"@id\":\"https:\/\/www.formentera.es\/#website\",\"url\":\"https:\/\/www.formentera.es\/\",\"name\":\"Turismo de Formentera\",\"description\":\"Web oficial de Turismo de Formentera\",\"potentialAction\":[{\"@type\":\"SearchAction\",\"target\":{\"@type\":\"EntryPoint\",\"urlTemplate\":\"https:\/\/www.formentera.es\/?s={search_term_string}\"},\"query-input\":{\"@type\":\"PropertyValueSpecification\",\"valueRequired\":true,\"valueName\":\"search_term_string\"}}],\"inLanguage\":\"ca\"},{\"@type\":\"Person\",\"@id\":\"https:\/\/www.formentera.es\/#\/schema\/person\/bf060d78cf1cdf2c02f482a176b38409\",\"name\":\"fugrafic\",\"image\":{\"@type\":\"ImageObject\",\"inLanguage\":\"ca\",\"@id\":\"https:\/\/www.formentera.es\/#\/schema\/person\/image\/\",\"url\":\"https:\/\/secure.gravatar.com\/avatar\/2f4071817a97d2499c5aae9674ee15015b5a3c7c0974ca84f095a8e4aadcda56?s=96&d=mm&r=g\",\"contentUrl\":\"https:\/\/secure.gravatar.com\/avatar\/2f4071817a97d2499c5aae9674ee15015b5a3c7c0974ca84f095a8e4aadcda56?s=96&d=mm&r=g\",\"caption\":\"fugrafic\"}}]}<\/script>\n<!-- \/ Yoast SEO plugin. -->","yoast_head_json":{"title":"Formentera a l'estiu | Turismo de Formentera","robots":{"index":"index","follow":"follow","max-snippet":"max-snippet:-1","max-image-preview":"max-image-preview:large","max-video-preview":"max-video-preview:-1"},"canonical":"https:\/\/www.formentera.es\/ca\/formentera-a-lestiu\/","og_locale":"ca_ES","og_type":"article","og_title":"Formentera a l'estiu | Turismo de Formentera","og_description":"[vc_row css=&#8221;.vc_custom_1553860347916{margin-right: 0px !important;margin-left: 0px !important;}&#8221;][vc_column width=&#8221;2\/3&#8243;][vc_column_text css=&#8221;&#8221;]Aquest estiu a Formentera t&#8217;esperen platges de sorra [&hellip;]","og_url":"https:\/\/www.formentera.es\/ca\/formentera-a-lestiu\/","og_site_name":"Turismo de Formentera","article_publisher":"https:\/\/www.facebook.com\/turismoformentera\/","article_published_time":"2019-01-01T09:00:08+00:00","article_modified_time":"2026-02-03T09:23:49+00:00","og_image":[{"width":1900,"height":1267,"url":"https:\/\/www.formentera.es\/wp-content\/uploads\/2019\/05\/150-santjaume2016_net.jpg","type":"image\/jpeg"}],"author":"fugrafic","twitter_card":"summary_large_image","twitter_creator":"@visitformentera","twitter_site":"@visitformentera","twitter_misc":{"Escrit per":"fugrafic","Temps estimat de lectura":"3 minuts"},"schema":{"@context":"https:\/\/schema.org","@graph":[{"@type":"WebPage","@id":"https:\/\/www.formentera.es\/ca\/formentera-a-lestiu\/","url":"https:\/\/www.formentera.es\/ca\/formentera-a-lestiu\/","name":"Formentera a l'estiu | Turismo de Formentera","isPartOf":{"@id":"https:\/\/www.formentera.es\/#website"},"primaryImageOfPage":{"@id":"https:\/\/www.formentera.es\/ca\/formentera-a-lestiu\/#primaryimage"},"image":{"@id":"https:\/\/www.formentera.es\/ca\/formentera-a-lestiu\/#primaryimage"},"thumbnailUrl":"https:\/\/www.formentera.es\/wp-content\/uploads\/2019\/05\/150-santjaume2016_net.jpg","datePublished":"2019-01-01T09:00:08+00:00","dateModified":"2026-02-03T09:23:49+00:00","author":{"@id":"https:\/\/www.formentera.es\/#\/schema\/person\/bf060d78cf1cdf2c02f482a176b38409"},"breadcrumb":{"@id":"https:\/\/www.formentera.es\/ca\/formentera-a-lestiu\/#breadcrumb"},"inLanguage":"ca","potentialAction":[{"@type":"ReadAction","target":["https:\/\/www.formentera.es\/ca\/formentera-a-lestiu\/"]}]},{"@type":"ImageObject","inLanguage":"ca","@id":"https:\/\/www.formentera.es\/ca\/formentera-a-lestiu\/#primaryimage","url":"https:\/\/www.formentera.es\/wp-content\/uploads\/2019\/05\/150-santjaume2016_net.jpg","contentUrl":"https:\/\/www.formentera.es\/wp-content\/uploads\/2019\/05\/150-santjaume2016_net.jpg","width":1900,"height":1267},{"@type":"BreadcrumbList","@id":"https:\/\/www.formentera.es\/ca\/formentera-a-lestiu\/#breadcrumb","itemListElement":[{"@type":"ListItem","position":1,"name":"Portada","item":"https:\/\/www.formentera.es\/ca\/"},{"@type":"ListItem","position":2,"name":"Formentera a l&#8217;estiu"}]},{"@type":"WebSite","@id":"https:\/\/www.formentera.es\/#website","url":"https:\/\/www.formentera.es\/","name":"Turismo de Formentera","description":"Web oficial de Turismo de Formentera","potentialAction":[{"@type":"SearchAction","target":{"@type":"EntryPoint","urlTemplate":"https:\/\/www.formentera.es\/?s={search_term_string}"},"query-input":{"@type":"PropertyValueSpecification","valueRequired":true,"valueName":"search_term_string"}}],"inLanguage":"ca"},{"@type":"Person","@id":"https:\/\/www.formentera.es\/#\/schema\/person\/bf060d78cf1cdf2c02f482a176b38409","name":"fugrafic","image":{"@type":"ImageObject","inLanguage":"ca","@id":"https:\/\/www.formentera.es\/#\/schema\/person\/image\/","url":"https:\/\/secure.gravatar.com\/avatar\/2f4071817a97d2499c5aae9674ee15015b5a3c7c0974ca84f095a8e4aadcda56?s=96&d=mm&r=g","contentUrl":"https:\/\/secure.gravatar.com\/avatar\/2f4071817a97d2499c5aae9674ee15015b5a3c7c0974ca84f095a8e4aadcda56?s=96&d=mm&r=g","caption":"fugrafic"}}]}},"_links":{"self":[{"href":"https:\/\/www.formentera.es\/ca\/wp-json\/wp\/v2\/posts\/7123","targetHints":{"allow":["GET"]}}],"collection":[{"href":"https:\/\/www.formentera.es\/ca\/wp-json\/wp\/v2\/posts"}],"about":[{"href":"https:\/\/www.formentera.es\/ca\/wp-json\/wp\/v2\/types\/post"}],"author":[{"embeddable":true,"href":"https:\/\/www.formentera.es\/ca\/wp-json\/wp\/v2\/users\/1"}],"replies":[{"embeddable":true,"href":"https:\/\/www.formentera.es\/ca\/wp-json\/wp\/v2\/comments?post=7123"}],"version-history":[{"count":1,"href":"https:\/\/www.formentera.es\/ca\/wp-json\/wp\/v2\/posts\/7123\/revisions"}],"predecessor-version":[{"id":56134,"href":"https:\/\/www.formentera.es\/ca\/wp-json\/wp\/v2\/posts\/7123\/revisions\/56134"}],"wp:featuredmedia":[{"embeddable":true,"href":"https:\/\/www.formentera.es\/ca\/wp-json\/wp\/v2\/media\/7102"}],"wp:attachment":[{"href":"https:\/\/www.formentera.es\/ca\/wp-json\/wp\/v2\/media?parent=7123"}],"wp:term":[{"taxonomy":"category","embeddable":true,"href":"https:\/\/www.formentera.es\/ca\/wp-json\/wp\/v2\/categories?post=7123"},{"taxonomy":"post_tag","embeddable":true,"href":"https:\/\/www.formentera.es\/ca\/wp-json\/wp\/v2\/tags?post=7123"}],"curies":[{"name":"wp","href":"https:\/\/api.w.org\/{rel}","templated":true}]}}